{"id":3558,"date":"2025-06-20T09:25:26","date_gmt":"2025-06-20T08:25:26","guid":{"rendered":"https:\/\/www.drpedrocoelho.com\/?p=3558"},"modified":"2026-03-22T13:15:59","modified_gmt":"2026-03-22T13:15:59","slug":"tirar-o-siso-tudo-o-que-precisa-de-saber-antes-da-cirurgia","status":"publish","type":"post","link":"https:\/\/drpedrocoelho.ewards.makesyoursite.com\/en\/tirar-o-siso-tudo-o-que-precisa-de-saber-antes-da-cirurgia\/","title":{"rendered":"Tirar o Siso: Tudo o Que Precisa de Saber Antes da Cirurgia"},"content":{"rendered":"<p>[vc_row type=&#8221;in_container&#8221; full_screen_row_position=&#8221;middle&#8221; column_margin=&#8221;default&#8221; column_direction=&#8221;default&#8221; column_direction_tablet=&#8221;default&#8221; column_direction_phone=&#8221;default&#8221; scene_position=&#8221;center&#8221; text_color=&#8221;dark&#8221; text_align=&#8221;left&#8221; row_border_radius=&#8221;none&#8221; row_border_radius_applies=&#8221;bg&#8221; overflow=&#8221;visible&#8221; overlay_strength=&#8221;0.3&#8243; gradient_direction=&#8221;left_to_right&#8221; shape_divider_position=&#8221;bottom&#8221; bg_image_animation=&#8221;none&#8221;][vc_column column_padding=&#8221;no-extra-padding&#8221; column_padding_tablet=&#8221;inherit&#8221; column_padding_phone=&#8221;inherit&#8221; column_padding_position=&#8221;all&#8221; column_element_spacing=&#8221;default&#8221; background_color_opacity=&#8221;1&#8243; background_hover_color_opacity=&#8221;1&#8243; column_shadow=&#8221;none&#8221; column_border_radius=&#8221;none&#8221; column_link_target=&#8221;_self&#8221; column_position=&#8221;default&#8221; gradient_direction=&#8221;left_to_right&#8221; overlay_strength=&#8221;0.3&#8243; width=&#8221;1\/1&#8243; tablet_width_inherit=&#8221;default&#8221; tablet_text_alignment=&#8221;default&#8221; phone_text_alignment=&#8221;default&#8221; animation_type=&#8221;default&#8221; bg_image_animation=&#8221;none&#8221; border_type=&#8221;simple&#8221; column_border_width=&#8221;none&#8221; column_border_style=&#8221;solid&#8221;][vc_column_text]<span style=\"font-weight: 400;\">Tirar o siso \u00e9 uma cirurgia dent\u00e1ria bastante comum, mas que continua a gerar muitas d\u00favidas e at\u00e9 algum receio. Se est\u00e1 a sentir dores, inflama\u00e7\u00e3o ou tem o seu dentista a recomendar a remo\u00e7\u00e3o dos dentes do siso, este artigo \u00e9 para si.<\/span><\/p>\n<p><span style=\"font-weight: 400;\">Aqui vai encontrar tudo o que precisa de saber antes da cirurgia: quando \u00e9 realmente necess\u00e1rio extrair o siso, como \u00e9 feito o procedimento, quais os cuidados no p\u00f3s-operat\u00f3rio e como garantir uma recupera\u00e7\u00e3o tranquila.<\/span>[\/vc_column_text][nectar_highlighted_text color_type=&#8221;regular&#8221; style=&#8221;full_text&#8221; highlight_expansion=&#8221;default&#8221;]<\/p>\n<h2><b>O que \u00e9 o dente do siso e porque pode precisar de ser removido?<\/b><\/h2>\n<p>[\/nectar_highlighted_text][nectar_highlighted_text color_type=&#8221;regular&#8221; style=&#8221;full_text&#8221; highlight_expansion=&#8221;default&#8221;]<\/p>\n<h3>A fun\u00e7\u00e3o dos dentes do siso<\/h3>\n<p>[\/nectar_highlighted_text][vc_column_text]<span style=\"font-weight: 400;\">Os dentes do siso s\u00e3o os \u00faltimos molares a nascer, geralmente entre os 17 e os 25 anos. No passado, tinham um papel importante na mastiga\u00e7\u00e3o de alimentos mais duros. Hoje, com a evolu\u00e7\u00e3o da alimenta\u00e7\u00e3o e da estrutura facial, muitas vezes nascem sem espa\u00e7o suficiente, o que pode gerar problemas.<\/span>[\/vc_column_text][nectar_highlighted_text color_type=&#8221;regular&#8221; style=&#8221;full_text&#8221; highlight_expansion=&#8221;default&#8221;]<\/p>\n<h3>Problemas comuns associados ao siso<\/h3>\n<p>[\/nectar_highlighted_text][vc_column_text]<span style=\"font-weight: 400;\">Quando o siso n\u00e3o tem espa\u00e7o para nascer corretamente, pode ficar \u201cincluso\u201d (preso dentro da gengiva ou osso), nascer torto ou empurrar outros dentes. Estes problemas podem causar dor, infe\u00e7\u00f5es, quistos e desalinhamento dent\u00e1rio.<\/span>[\/vc_column_text][nectar_highlighted_text color_type=&#8221;regular&#8221; style=&#8221;full_text&#8221; highlight_expansion=&#8221;default&#8221;]<\/p>\n<h3>Quando \u00e9 mesmo necess\u00e1rio tirar o siso?<\/h3>\n<p>[\/nectar_highlighted_text][vc_column_text]<span style=\"font-weight: 400;\">A extra\u00e7\u00e3o do siso \u00e9 recomendada quando h\u00e1:<\/span><\/p>\n<ul>\n<li style=\"font-weight: 400;\" aria-level=\"1\"><span style=\"font-weight: 400;\">Dor ou inflama\u00e7\u00e3o persistente<\/span><\/li>\n<li style=\"font-weight: 400;\" aria-level=\"1\"><span style=\"font-weight: 400;\">Dentes do siso inclusos ou parcialmente erupcionados<\/span><\/li>\n<li style=\"font-weight: 400;\" aria-level=\"1\"><span style=\"font-weight: 400;\">Forma\u00e7\u00e3o de abcessos ou infe\u00e7\u00f5es<\/span><\/li>\n<li style=\"font-weight: 400;\" aria-level=\"1\"><span style=\"font-weight: 400;\">Risco de desalinhamento dos restantes dentes<br \/>\n<\/span><\/li>\n<li style=\"font-weight: 400;\" aria-level=\"1\"><span style=\"font-weight: 400;\">Indica\u00e7\u00e3o preventiva antes de ortodontia (como Invisalign)<\/span><\/li>\n<\/ul>\n<p>[\/vc_column_text][nectar_highlighted_text color_type=&#8221;regular&#8221; style=&#8221;full_text&#8221; highlight_expansion=&#8221;default&#8221;]<\/p>\n<h2 data-start=\"1824\" data-end=\"1866\"><b>Sintomas que indicam que deve tirar o siso<\/b><\/h2>\n<h3 data-start=\"1868\" data-end=\"1908\"><\/h3>\n<p>[\/nectar_highlighted_text][nectar_highlighted_text color_type=&#8221;regular&#8221; style=&#8221;full_text&#8221; highlight_expansion=&#8221;default&#8221;]<\/p>\n<h3>Dor e incha\u00e7o<\/h3>\n<p>[\/nectar_highlighted_text][vc_column_text]<span style=\"font-weight: 400;\">Se sente dor na parte de tr\u00e1s da boca, especialmente ao mastigar, pode estar na altura de consultar o seu dentista. O incha\u00e7o da gengiva ou at\u00e9 da face pode indicar que o siso est\u00e1 a pressionar outros dentes ou a provocar inflama\u00e7\u00e3o.<\/span>[\/vc_column_text][nectar_highlighted_text color_type=&#8221;regular&#8221; style=&#8221;full_text&#8221; highlight_expansion=&#8221;default&#8221;]<\/p>\n<h3>Siso inflamado ou com infe\u00e7\u00e3o (abcesso)<\/h3>\n<p>[\/nectar_highlighted_text][vc_column_text]<span style=\"font-weight: 400;\">Um siso inflamado pode provocar dor intensa, vermelhid\u00e3o, pus e at\u00e9 febre. Estes sinais indicam uma infe\u00e7\u00e3o, muitas vezes causada por bact\u00e9rias que se acumulam \u00e0 volta do dente parcialmente erupcionado.<\/span>[\/vc_column_text][nectar_highlighted_text color_type=&#8221;regular&#8221; style=&#8221;full_text&#8221; highlight_expansion=&#8221;default&#8221;]<\/p>\n<h3>Mau h\u00e1lito e dificuldade em abrir a boca<\/h3>\n<p>[\/nectar_highlighted_text][vc_column_text]<span style=\"font-weight: 400;\">A infe\u00e7\u00e3o pode espalhar-se e dificultar at\u00e9 gestos simples como abrir a boca ou engolir. O mau h\u00e1lito persistente tamb\u00e9m \u00e9 um sintoma comum e pode estar associado \u00e0 acumula\u00e7\u00e3o de bact\u00e9rias na zona do siso.<\/span>[\/vc_column_text][nectar_highlighted_text color_type=&#8221;regular&#8221; style=&#8221;full_text&#8221; highlight_expansion=&#8221;default&#8221;]<\/p>\n<h2><b>Como \u00e9 feita a extra\u00e7\u00e3o do siso? Passo a passo da cirurgia<\/b><\/h2>\n<p>[\/nectar_highlighted_text][nectar_highlighted_text color_type=&#8221;regular&#8221; style=&#8221;full_text&#8221; highlight_expansion=&#8221;default&#8221;]<\/p>\n<h3>Avalia\u00e7\u00e3o inicial e exames<\/h3>\n<p>[\/nectar_highlighted_text][vc_column_text]<span style=\"font-weight: 400;\">Antes de decidir tirar o siso, o dentista faz uma avalia\u00e7\u00e3o cl\u00ednica e radiogr\u00e1fica. Um raio-X permite ver a posi\u00e7\u00e3o exata do dente e planear a extra\u00e7\u00e3o com seguran\u00e7a.<\/span>[\/vc_column_text][nectar_highlighted_text color_type=&#8221;regular&#8221; style=&#8221;full_text&#8221; highlight_expansion=&#8221;default&#8221;]<\/p>\n<h3>Tipos de anestesia utilizados<\/h3>\n<p>[\/nectar_highlighted_text][vc_column_text]<span style=\"font-weight: 400;\">A maioria das extra\u00e7\u00f5es \u00e9 feita com anestesia local. No entanto, em casos mais complexos ou quando s\u00e3o removidos v\u00e1rios sisos de uma s\u00f3 vez, pode ser recomendada seda\u00e7\u00e3o consciente ou anestesia geral (em ambiente hospitalar).<\/span>[\/vc_column_text][nectar_highlighted_text color_type=&#8221;regular&#8221; style=&#8221;full_text&#8221; highlight_expansion=&#8221;default&#8221;]<\/p>\n<h3>O procedimento cir\u00fargico explicado de forma simples<\/h3>\n<p>[\/nectar_highlighted_text][vc_column_text]<span style=\"font-weight: 400;\">Durante a cirurgia, o dentista faz uma pequena incis\u00e3o na gengiva para aceder ao dente. Se necess\u00e1rio, o siso \u00e9 cortado em partes para facilitar a remo\u00e7\u00e3o. Ap\u00f3s retirar o dente, a zona \u00e9 limpa e suturada. Todo o procedimento pode durar entre 20 minutos a 1 hora.<\/span>[\/vc_column_text][nectar_highlighted_text color_type=&#8221;regular&#8221; style=&#8221;full_text&#8221; highlight_expansion=&#8221;default&#8221;]<\/p>\n<h2><b>P\u00f3s-operat\u00f3rio: Cuidados e tempo de recupera\u00e7\u00e3o<\/b><\/h2>\n<p>[\/nectar_highlighted_text][nectar_highlighted_text color_type=&#8221;regular&#8221; style=&#8221;full_text&#8221; highlight_expansion=&#8221;default&#8221;]<\/p>\n<h3>O que pode (e n\u00e3o pode) fazer nos primeiros dias<\/h3>\n<p>[\/nectar_highlighted_text][vc_column_text]<span style=\"font-weight: 400;\">Nos primeiros dias ap\u00f3s tirar o siso, \u00e9 essencial:<\/span><\/p>\n<ul>\n<li style=\"font-weight: 400;\" aria-level=\"1\"><span style=\"font-weight: 400;\">Evitar esfor\u00e7o f\u00edsico<\/span><\/li>\n<li style=\"font-weight: 400;\" aria-level=\"1\"><span style=\"font-weight: 400;\">N\u00e3o fumar nem beber com palhinha<\/span><\/li>\n<li style=\"font-weight: 400;\" aria-level=\"1\"><span style=\"font-weight: 400;\">Aplicar gelo na zona para reduzir o incha\u00e7o<\/span><\/li>\n<li style=\"font-weight: 400;\" aria-level=\"1\"><span style=\"font-weight: 400;\">Tomar a medica\u00e7\u00e3o prescrita<\/span><\/li>\n<li style=\"font-weight: 400;\" aria-level=\"1\"><span style=\"font-weight: 400;\">N\u00e3o mexer nos pontos com a l\u00edngua ou escova<\/span><\/li>\n<\/ul>\n<p><span style=\"font-weight: 400;\">Para uma lista completa e detalhada de recomenda\u00e7\u00f5es ap\u00f3s qualquer cirurgia dent\u00e1ria, veja este artigo com as<\/span><a href=\"https:\/\/drpedrocoelho.ewards.makesyoursite.com\/13-indicacoes-pos-cirurgia-dentaria-que-qualquer-pessoa-precisa-de-saber\/\"> <span style=\"font-weight: 400;\">13 indica\u00e7\u00f5es p\u00f3s-cirurgia dent\u00e1ria que deve mesmo seguir<\/span><\/a><span style=\"font-weight: 400;\">.<\/span>[\/vc_column_text][nectar_highlighted_text color_type=&#8221;regular&#8221; style=&#8221;full_text&#8221; highlight_expansion=&#8221;default&#8221;]<\/p>\n<h3>Alimenta\u00e7\u00e3o ap\u00f3s tirar o siso<\/h3>\n<p>[\/nectar_highlighted_text][vc_column_text]<span style=\"font-weight: 400;\">Prefira alimentos moles, frios ou \u00e0 temperatura ambiente: sopas, iogurtes, batidos e pur\u00e9s. Evite alimentos duros, quentes ou muito condimentados que possam irritar a zona da cirurgia.<\/span>[\/vc_column_text][nectar_highlighted_text color_type=&#8221;regular&#8221; style=&#8221;full_text&#8221; highlight_expansion=&#8221;default&#8221;]<\/p>\n<h3>Quanto tempo demora a recupera\u00e7\u00e3o total?<\/h3>\n<p>[\/nectar_highlighted_text][vc_column_text]<span style=\"font-weight: 400;\">A maioria das pessoas sente melhorias significativas em 3 a 5 dias. A cicatriza\u00e7\u00e3o completa pode demorar at\u00e9 duas semanas. Nos casos mais simples, pode voltar \u00e0 rotina normal em poucos dias, desde que siga as orienta\u00e7\u00f5es do dentista.<\/span>[\/vc_column_text][nectar_highlighted_text color_type=&#8221;regular&#8221; style=&#8221;full_text&#8221; highlight_expansion=&#8221;default&#8221;]<\/p>\n<h2><b>Complica\u00e7\u00f5es poss\u00edveis e quando deve contactar o dentista<\/b><\/h2>\n<p>[\/nectar_highlighted_text][nectar_highlighted_text color_type=&#8221;regular&#8221; style=&#8221;full_text&#8221; highlight_expansion=&#8221;default&#8221;]<\/p>\n<h3>Sinais de infe\u00e7\u00e3o ou sangramento anormal<\/h3>\n<p>[\/nectar_highlighted_text][vc_column_text]<span style=\"font-weight: 400;\">Se o sangramento persistir mais de 24 horas, ou se surgir febre, pus ou dor intensa, contacte de imediato o seu dentista. Pode tratar-se de uma infe\u00e7\u00e3o ou de uma complica\u00e7\u00e3o como a alveolite.<\/span>[\/vc_column_text][nectar_highlighted_text color_type=&#8221;regular&#8221; style=&#8221;full_text&#8221; highlight_expansion=&#8221;default&#8221;]<\/p>\n<h3>Dificuldade em cicatrizar ou dor prolongada<\/h3>\n<p>[\/nectar_highlighted_text][vc_column_text]<span style=\"font-weight: 400;\">A dor que n\u00e3o melhora ao fim de alguns dias pode indicar uma complica\u00e7\u00e3o. Nestes casos, pode ser necess\u00e1rio voltar \u00e0 cl\u00ednica para uma avalia\u00e7\u00e3o.<\/span>[\/vc_column_text][nectar_highlighted_text color_type=&#8221;regular&#8221; style=&#8221;full_text&#8221; highlight_expansion=&#8221;default&#8221;]<\/p>\n<h3>Sensibilidade ou dorm\u00eancia nos l\u00e1bios<\/h3>\n<p>[\/nectar_highlighted_text][vc_column_text]<span style=\"font-weight: 400;\">Em alguns casos, especialmente quando o siso est\u00e1 muito pr\u00f3ximo dos nervos, pode ocorrer dorm\u00eancia tempor\u00e1ria nos l\u00e1bios ou queixo. Embora rara, esta situa\u00e7\u00e3o deve ser monitorizada pelo dentista.<\/span>[\/vc_column_text][nectar_highlighted_text color_type=&#8221;regular&#8221; style=&#8221;full_text&#8221; highlight_expansion=&#8221;default&#8221;]<\/p>\n<h2><b>Tirar o siso em Lisboa: Marque a sua consulta com um especialista<\/b><\/h2>\n<p>[\/nectar_highlighted_text][vc_column_text]<span style=\"font-weight: 400;\">Na Cl\u00ednica Dent\u00e1ria Dr. Pedro Coelho, em Oeiras, temos uma equipa especializada em cirurgia oral pronta para o receber. Utilizamos tecnologia de diagn\u00f3stico avan\u00e7ada, anestesia segura e garantimos um acompanhamento atento em todas as fases do processo da avalia\u00e7\u00e3o ao p\u00f3s-operat\u00f3rio.<\/span><\/p>\n<p>Se sente dores, tem um siso inflamado ou quer prevenir problemas futuros, marque a sua consulta connosco. Cuide da sua sa\u00fade oral com quem sabe.[\/vc_column_text][contact-form-7 id=&#8221;3417&#8243; title=&#8221;Pe\u00e7a j\u00e1 o seu or\u00e7amento&#8221;][divider line_type=&#8221;No Line&#8221;][nectar_highlighted_text color_type=&#8221;regular&#8221; style=&#8221;full_text&#8221; highlight_expansion=&#8221;default&#8221;]<\/p>\n<h2 style=\"text-align: center;\"><b>Perguntas frequentes sobre tirar o siso<\/b><\/h2>\n<p>[\/nectar_highlighted_text][nectar_highlighted_text color_type=&#8221;regular&#8221; style=&#8221;full_text&#8221; highlight_expansion=&#8221;default&#8221;]<\/p>\n<h3 data-start=\"227\" data-end=\"298\"><b>Tirar o siso d\u00f3i?<\/b><\/h3>\n<p>[\/nectar_highlighted_text][vc_column_text css=&#8221;.vc_custom_1749717427621{margin-top: 0px !important;margin-right: 0px !important;margin-left: 0px !important;}&#8221;]<\/p>\n<p data-start=\"300\" data-end=\"474\"><span style=\"font-weight: 400;\">N\u00e3o. O procedimento \u00e9 feito com anestesia local. Pode haver algum desconforto nos dias seguintes, mas \u00e9 controlado com medica\u00e7\u00e3o.<\/span><\/p>\n<h3 data-start=\"476\" data-end=\"530\"><\/h3>\n<p>[\/vc_column_text][nectar_highlighted_text color_type=&#8221;regular&#8221; style=&#8221;full_text&#8221; highlight_expansion=&#8221;default&#8221;]<\/p>\n<h3 data-start=\"476\" data-end=\"530\"><b>\u00c9 obrigat\u00f3rio tirar todos os dentes do siso?<\/b><\/h3>\n<p>[\/nectar_highlighted_text][vc_column_text css=&#8221;.vc_custom_1749717470221{margin-top: 0px !important;margin-right: 0px !important;margin-left: 0px !important;}&#8221;]<\/p>\n<p data-start=\"532\" data-end=\"717\"><span style=\"font-weight: 400;\">N\u00e3o. S\u00f3 se remove quando existe indica\u00e7\u00e3o cl\u00ednica, como dor, infe\u00e7\u00e3o ou risco para os outros dentes.<\/span><\/p>\n<h3 data-start=\"719\" data-end=\"781\"><\/h3>\n<h3 data-start=\"719\" data-end=\"781\"><\/h3>\n<p>[\/vc_column_text][nectar_highlighted_text color_type=&#8221;regular&#8221; style=&#8221;full_text&#8221; highlight_expansion=&#8221;default&#8221;]<\/p>\n<h3 data-start=\"719\" data-end=\"781\"><b>Quanto custa tirar o siso?<\/b><\/h3>\n<p>[\/nectar_highlighted_text][vc_column_text css=&#8221;.vc_custom_1749717485796{margin-top: 0px !important;margin-right: 0px !important;margin-left: 0px !important;}&#8221;]<\/p>\n<p data-start=\"783\" data-end=\"949\"><span style=\"font-weight: 400;\">O valor pode variar consoante a complexidade da extra\u00e7\u00e3o e o n\u00famero de dentes a remover. O ideal \u00e9 agendar uma avalia\u00e7\u00e3o personalizada.<\/span><\/p>\n<h3 data-start=\"951\" data-end=\"987\"><\/h3>\n<p>[\/vc_column_text][nectar_highlighted_text color_type=&#8221;regular&#8221; style=&#8221;full_text&#8221; highlight_expansion=&#8221;default&#8221;]<\/p>\n<h3 data-start=\"951\" data-end=\"987\"><b>Quanto tempo devo esperar para voltar ao trabalho?<\/b><\/h3>\n<p>[\/nectar_highlighted_text][vc_column_text css=&#8221;.vc_custom_1749717502531{margin-top: 0px !important;margin-right: 0px !important;margin-left: 0px !important;}&#8221;]<\/p>\n<p data-start=\"989\" data-end=\"1171\"><span style=\"font-weight: 400;\">Na maioria dos casos, 2 a 3 dias s\u00e3o suficientes para retomar atividades leves. Depende sempre do tipo de trabalho e da complexidade da cirurgia.<\/span><\/p>\n<h3 data-start=\"1173\" data-end=\"1243\"><\/h3>\n<p>[\/vc_column_text][\/vc_column][\/vc_row]<\/p>\n","protected":false},"excerpt":{"rendered":"<p>[vc_row type=&#8221;in_container&#8221; full_screen_row_position=&#8221;middle&#8221; column_margin=&#8221;default&#8221; column_direction=&#8221;default&#8221; column_direction_tablet=&#8221;default&#8221; column_direction_phone=&#8221;default&#8221; scene_position=&#8221;center&#8221; text_color=&#8221;dark&#8221; text_align=&#8221;left&#8221; row_border_radius=&#8221;none&#8221; row_border_radius_applies=&#8221;bg&#8221; overflow=&#8221;visible&#8221; overlay_strength=&#8221;0.3&#8243; gradient_direction=&#8221;left_to_right&#8221; shape_divider_position=&#8221;bottom&#8221; bg_image_animation=&#8221;none&#8221;][vc_column column_padding=&#8221;no-extra-padding&#8221; column_padding_tablet=&#8221;inherit&#8221; column_padding_phone=&#8221;inherit&#8221; column_padding_position=&#8221;all&#8221; column_element_spacing=&#8221;default&#8221; background_color_opacity=&#8221;1&#8243; background_hover_color_opacity=&#8221;1&#8243; column_shadow=&#8221;none&#8221; column_border_radius=&#8221;none&#8221; column_link_target=&#8221;_self&#8221; column_position=&#8221;default&#8221; gradient_direction=&#8221;left_to_right&#8221; overlay_strength=&#8221;0.3&#8243; width=&#8221;1\/1&#8243; tablet_width_inherit=&#8221;default&#8221; tablet_text_alignment=&#8221;default&#8221; phone_text_alignment=&#8221;default&#8221; animation_type=&#8221;default&#8221; bg_image_animation=&#8221;none&#8221; border_type=&#8221;simple&#8221; column_border_width=&#8221;none&#8221; column_border_style=&#8221;solid&#8221;][vc_column_text]Tirar o siso \u00e9 uma cirurgia dent\u00e1ria bastante comum, mas que continua a gerar muitas d\u00favidas e [&hellip;]<\/p>\n","protected":false},"author":2,"featured_media":2546,"comment_status":"closed","ping_status":"closed","sticky":false,"template":"","format":"standard","meta":{"footnotes":""},"categories":[98],"tags":[86,10,21],"class_list":["post-3558","post","type-post","status-publish","format-standard","has-post-thumbnail","hentry","category-saude-higiene-oral","tag-dentes","tag-bom-dentista","tag-medico-dentista"],"_links":{"self":[{"href":"https:\/\/drpedrocoelho.ewards.makesyoursite.com\/en\/wp-json\/wp\/v2\/posts\/3558","targetHints":{"allow":["GET"]}}],"collection":[{"href":"https:\/\/drpedrocoelho.ewards.makesyoursite.com\/en\/wp-json\/wp\/v2\/posts"}],"about":[{"href":"https:\/\/drpedrocoelho.ewards.makesyoursite.com\/en\/wp-json\/wp\/v2\/types\/post"}],"author":[{"embeddable":true,"href":"https:\/\/drpedrocoelho.ewards.makesyoursite.com\/en\/wp-json\/wp\/v2\/users\/2"}],"replies":[{"embeddable":true,"href":"https:\/\/drpedrocoelho.ewards.makesyoursite.com\/en\/wp-json\/wp\/v2\/comments?post=3558"}],"version-history":[{"count":1,"href":"https:\/\/drpedrocoelho.ewards.makesyoursite.com\/en\/wp-json\/wp\/v2\/posts\/3558\/revisions"}],"predecessor-version":[{"id":4876,"href":"https:\/\/drpedrocoelho.ewards.makesyoursite.com\/en\/wp-json\/wp\/v2\/posts\/3558\/revisions\/4876"}],"wp:featuredmedia":[{"embeddable":true,"href":"https:\/\/drpedrocoelho.ewards.makesyoursite.com\/en\/wp-json\/wp\/v2\/media\/2546"}],"wp:attachment":[{"href":"https:\/\/drpedrocoelho.ewards.makesyoursite.com\/en\/wp-json\/wp\/v2\/media?parent=3558"}],"wp:term":[{"taxonomy":"category","embeddable":true,"href":"https:\/\/drpedrocoelho.ewards.makesyoursite.com\/en\/wp-json\/wp\/v2\/categories?post=3558"},{"taxonomy":"post_tag","embeddable":true,"href":"https:\/\/drpedrocoelho.ewards.makesyoursite.com\/en\/wp-json\/wp\/v2\/tags?post=3558"}],"curies":[{"name":"wp","href":"https:\/\/api.w.org\/{rel}","templated":true}]}}