{"id":3430,"date":"2025-05-22T09:20:55","date_gmt":"2025-05-22T08:20:55","guid":{"rendered":"https:\/\/www.drpedrocoelho.com\/?p=3430"},"modified":"2026-03-22T13:20:15","modified_gmt":"2026-03-22T13:20:15","slug":"alinhador-invisivel-dentes-alinhados-e-um-sorriso-confiante","status":"publish","type":"post","link":"https:\/\/drpedrocoelho.ewards.makesyoursite.com\/en\/alinhador-invisivel-dentes-alinhados-e-um-sorriso-confiante\/","title":{"rendered":"Alinhador Invis\u00edvel: Dentes alinhados e um sorriso confiante sem ningu\u00e9m saber"},"content":{"rendered":"<p>[vc_row type=&#8221;in_container&#8221; full_screen_row_position=&#8221;middle&#8221; column_margin=&#8221;default&#8221; column_direction=&#8221;default&#8221; column_direction_tablet=&#8221;default&#8221; column_direction_phone=&#8221;default&#8221; scene_position=&#8221;center&#8221; text_color=&#8221;dark&#8221; text_align=&#8221;left&#8221; row_border_radius=&#8221;none&#8221; row_border_radius_applies=&#8221;bg&#8221; overflow=&#8221;visible&#8221; overlay_strength=&#8221;0.3&#8243; gradient_direction=&#8221;left_to_right&#8221; shape_divider_position=&#8221;bottom&#8221; bg_image_animation=&#8221;none&#8221;][vc_column column_padding=&#8221;no-extra-padding&#8221; column_padding_tablet=&#8221;inherit&#8221; column_padding_phone=&#8221;inherit&#8221; column_padding_position=&#8221;all&#8221; column_element_spacing=&#8221;default&#8221; background_color_opacity=&#8221;1&#8243; background_hover_color_opacity=&#8221;1&#8243; column_shadow=&#8221;none&#8221; column_border_radius=&#8221;none&#8221; column_link_target=&#8221;_self&#8221; column_position=&#8221;default&#8221; gradient_direction=&#8221;left_to_right&#8221; overlay_strength=&#8221;0.3&#8243; width=&#8221;1\/1&#8243; tablet_width_inherit=&#8221;default&#8221; tablet_text_alignment=&#8221;default&#8221; phone_text_alignment=&#8221;default&#8221; animation_type=&#8221;default&#8221; bg_image_animation=&#8221;none&#8221; border_type=&#8221;simple&#8221; column_border_width=&#8221;none&#8221; column_border_style=&#8221;solid&#8221;][vc_column_text]<\/p>\n<p data-start=\"317\" data-end=\"661\">Ter um sorriso alinhado e harmonioso \u00e9 um desejo cada vez mais comum e, felizmente, hoje j\u00e1 \u00e9 poss\u00edvel alcan\u00e7\u00e1-lo sem recorrer ao tradicional aparelho met\u00e1lico. O alinhador invis\u00edvel \u00e9 a solu\u00e7\u00e3o mais discreta e moderna da ortodontia atual, ideal para quem quer corrigir a posi\u00e7\u00e3o dos dentes sem comprometer a est\u00e9tica durante o tratamento.<\/p>\n<p data-start=\"663\" data-end=\"880\">Na <strong data-start=\"666\" data-end=\"703\">Cl\u00ednica Dent\u00e1ria Dr. Pedro Coelho<\/strong>, em Oeiras, este tipo de aparelho dent\u00e1rio transparente \u00e9 um dos tratamentos mais procurados por adultos e adolescentes que valorizam conforto, discri\u00e7\u00e3o e resultados eficazes.<\/p>\n<p>[\/vc_column_text][nectar_highlighted_text color_type=&#8221;regular&#8221; style=&#8221;full_text&#8221; highlight_expansion=&#8221;default&#8221;]<\/p>\n<h2 data-start=\"882\" data-end=\"915\"><strong>O que \u00e9 o alinhador invis\u00edvel?<\/strong><\/h2>\n<p>[\/nectar_highlighted_text][vc_column_text]<\/p>\n<p data-start=\"917\" data-end=\"1211\">O alinhador invis\u00edvel \u00e9 um dispositivo transparente, feito \u00e0 medida, que encaixa perfeitamente sobre os dentes e vai sendo trocado de forma progressiva ao longo do tratamento. Cada alinhador promove pequenos movimentos que, ao longo do tempo, alinham os dentes de forma segura e previs\u00edvel.<\/p>\n<h2 data-start=\"1213\" data-end=\"1285\"><\/h2>\n<p>[\/vc_column_text][nectar_highlighted_text color_type=&#8221;regular&#8221; style=&#8221;full_text&#8221; highlight_expansion=&#8221;default&#8221;]<\/p>\n<h2 data-start=\"1213\" data-end=\"1285\"><strong>A diferen\u00e7a entre aparelho dent\u00e1rio tradicional e alinhador invis\u00edvel<\/strong><\/h2>\n<p>[\/nectar_highlighted_text][vc_column_text]<\/p>\n<p data-start=\"1287\" data-end=\"1549\">Ao contr\u00e1rio dos aparelhos ortod\u00f4nticos convencionais com brackets met\u00e1licos, o <strong data-start=\"1367\" data-end=\"1390\">alinhador invis\u00edvel<\/strong> \u00e9 praticamente impercept\u00edvel e n\u00e3o interfere na est\u00e9tica facial. Al\u00e9m disso, \u00e9 remov\u00edvel, permitindo uma melhor higiene oral e maior liberdade na alimenta\u00e7\u00e3o.<\/p>\n<h2 data-start=\"1551\" data-end=\"1602\"><\/h2>\n<p>[\/vc_column_text][nectar_highlighted_text color_type=&#8221;regular&#8221; style=&#8221;full_text&#8221; highlight_expansion=&#8221;default&#8221;]<\/p>\n<h2 data-start=\"1551\" data-end=\"1602\"><strong>Como funciona o alinhador invis\u00edvel no dia a dia<\/strong><\/h2>\n<p>[\/nectar_highlighted_text][vc_column_text]<\/p>\n<p data-start=\"1604\" data-end=\"1822\">O alinhador deve ser usado entre 20 a 22 horas por dia e trocado a cada 1 a 2 semanas, conforme o plano definido pelo ortodontista. A cada etapa, os dentes v\u00e3o sendo reposicionados at\u00e9 alcan\u00e7ar o alinhamento ideal.<\/p>\n<h2 data-start=\"1824\" data-end=\"1866\"><\/h2>\n<p>[\/vc_column_text][nectar_highlighted_text color_type=&#8221;regular&#8221; style=&#8221;full_text&#8221; highlight_expansion=&#8221;default&#8221;]<\/p>\n<h2 data-start=\"1824\" data-end=\"1866\"><strong>Vantagens do uso de alinhador invis\u00edvel<\/strong><\/h2>\n<h3 data-start=\"1868\" data-end=\"1908\"><\/h3>\n<p>[\/nectar_highlighted_text][nectar_highlighted_text color_type=&#8221;regular&#8221; style=&#8221;full_text&#8221; highlight_expansion=&#8221;default&#8221;]<\/p>\n<h3>Discri\u00e7\u00e3o total durante o tratamento<\/h3>\n<p>[\/nectar_highlighted_text][vc_column_text]<\/p>\n<p data-start=\"1910\" data-end=\"2058\">Uma das maiores vantagens do alinhador invis\u00edvel \u00e9 a discri\u00e7\u00e3o. Muitas pessoas conseguem fazer todo o tratamento sem que os outros se apercebam.<\/p>\n<h3 data-start=\"2060\" data-end=\"2099\"><\/h3>\n<p>[\/vc_column_text][nectar_highlighted_text color_type=&#8221;regular&#8221; style=&#8221;full_text&#8221; highlight_expansion=&#8221;default&#8221;]<\/p>\n<h3>Conforto e liberdade na alimenta\u00e7\u00e3o<\/h3>\n<p>[\/nectar_highlighted_text][vc_column_text]<\/p>\n<p data-start=\"2101\" data-end=\"2227\">Como \u00e9 remov\u00edvel, pode comer o que quiser sem restri\u00e7\u00f5es. Al\u00e9m disso, evita feridas e desconfortos comuns nos aparelhos fixos.<\/p>\n<h3 data-start=\"2229\" data-end=\"2258\"><\/h3>\n<p>[\/vc_column_text][nectar_highlighted_text color_type=&#8221;regular&#8221; style=&#8221;full_text&#8221; highlight_expansion=&#8221;default&#8221;]<\/p>\n<h3>Menos idas ao consult\u00f3rio<\/h3>\n<p>[\/nectar_highlighted_text][vc_column_text]<\/p>\n<p data-start=\"2260\" data-end=\"2474\">Gra\u00e7as \u00e0 tecnologia digital, o planeamento do tratamento com alinhador invis\u00edvel \u00e9 feito com grande precis\u00e3o, o que permite reduzir o n\u00famero de consultas presenciais, mantendo sempre um acompanhamento rigoroso.<\/p>\n<h2 data-start=\"2476\" data-end=\"2514\"><\/h2>\n<p>[\/vc_column_text][nectar_highlighted_text color_type=&#8221;regular&#8221; style=&#8221;full_text&#8221; highlight_expansion=&#8221;default&#8221;]<\/p>\n<h2 data-start=\"2476\" data-end=\"2514\"><strong>Quem pode usar alinhador invis\u00edvel?<\/strong><\/h2>\n<h3 data-start=\"2516\" data-end=\"2572\"><\/h3>\n<p>[\/nectar_highlighted_text][nectar_highlighted_text color_type=&#8221;regular&#8221; style=&#8221;full_text&#8221; highlight_expansion=&#8221;default&#8221;]<\/p>\n<h3 data-start=\"2516\" data-end=\"2572\">Casos mais comuns tratados com este tipo de aparelho<\/h3>\n<p>[\/nectar_highlighted_text][vc_column_text]<\/p>\n<p data-start=\"2574\" data-end=\"2730\"><strong>O alinhador invis\u00edvel trata eficazmente desalinhamentos ligeiros a moderados, como dentes apinhados, espa\u00e7os entre dentes ou pequenas mordidas cruzadas.<\/strong><\/p>\n<h3 data-start=\"2732\" data-end=\"2769\"><\/h3>\n<p>[\/vc_column_text][nectar_highlighted_text color_type=&#8221;regular&#8221; style=&#8221;full_text&#8221; highlight_expansion=&#8221;default&#8221;]<\/p>\n<h3 data-start=\"2732\" data-end=\"2769\">Idade m\u00ednima e m\u00e1xima recomendada<\/h3>\n<p>[\/nectar_highlighted_text][vc_column_text]<\/p>\n<p data-start=\"2771\" data-end=\"2882\">\u00c9 indicado tanto para adolescentes como para adultos. O importante \u00e9 que a denti\u00e7\u00e3o permanente esteja completa.<\/p>\n<h2 data-start=\"2884\" data-end=\"2935\"><\/h2>\n<p>[\/vc_column_text][nectar_highlighted_text color_type=&#8221;regular&#8221; style=&#8221;full_text&#8221; highlight_expansion=&#8221;default&#8221;]<\/p>\n<h2 data-start=\"2884\" data-end=\"2935\"><strong>O processo de tratamento com alinhador invis\u00edvel<\/strong><\/h2>\n<h3 data-start=\"2937\" data-end=\"2986\"><\/h3>\n<p>[\/nectar_highlighted_text][nectar_highlighted_text color_type=&#8221;regular&#8221; style=&#8221;full_text&#8221; highlight_expansion=&#8221;default&#8221;]<\/p>\n<h3 data-start=\"2937\" data-end=\"2986\">Avalia\u00e7\u00e3o inicial e planeamento personalizado<\/h3>\n<p>[\/nectar_highlighted_text][vc_column_text]<\/p>\n<p data-start=\"2988\" data-end=\"3204\">Na primeira consulta, \u00e9 feita uma avalia\u00e7\u00e3o cl\u00ednica, fotografia intraoral e escaneamento digital 3D. A partir da\u00ed, o ortodontista tra\u00e7a um plano completo e personalizado para o tratamento com alinhador invis\u00edvel.<\/p>\n<h3 data-start=\"3206\" data-end=\"3257\"><\/h3>\n<p>[\/vc_column_text][nectar_highlighted_text color_type=&#8221;regular&#8221; style=&#8221;full_text&#8221; highlight_expansion=&#8221;default&#8221;]<\/p>\n<h3 data-start=\"3206\" data-end=\"3257\">Entrega e acompanhamento do alinhador invis\u00edvel<\/h3>\n<p>[\/nectar_highlighted_text][vc_column_text]<\/p>\n<p data-start=\"3259\" data-end=\"3411\">Os alinhadores s\u00e3o fabricados com base no plano digital e entregues por fases. O progresso \u00e9 revisto regularmente para garantir o sucesso do tratamento.<\/p>\n<h3 data-start=\"3413\" data-end=\"3444\"><\/h3>\n<h3 data-start=\"3206\" data-end=\"3257\"><\/h3>\n<p>[\/vc_column_text][nectar_highlighted_text color_type=&#8221;regular&#8221; style=&#8221;full_text&#8221; highlight_expansion=&#8221;default&#8221;]<\/p>\n<h3>Dura\u00e7\u00e3o m\u00e9dia do tratamento<\/h3>\n<p>[\/nectar_highlighted_text][vc_column_text]A dura\u00e7\u00e3o varia, mas a maioria dos casos \u00e9 resolvida entre 6 e 18 meses, sempre de forma personalizada e adaptada ao caso cl\u00ednico.[\/vc_column_text][nectar_highlighted_text color_type=&#8221;regular&#8221; style=&#8221;full_text&#8221; highlight_expansion=&#8221;default&#8221;]<\/p>\n<h2 data-start=\"3582\" data-end=\"3643\"><strong>Alinhador invis\u00edvel em Lisboa: onde fazer o seu tratamento<\/strong><\/h2>\n<h3 data-start=\"3645\" data-end=\"3700\"><\/h3>\n<p>[\/nectar_highlighted_text][nectar_highlighted_text color_type=&#8221;regular&#8221; style=&#8221;full_text&#8221; highlight_expansion=&#8221;default&#8221;]<\/p>\n<h3 data-start=\"3645\" data-end=\"3700\">A import\u00e2ncia de escolher uma cl\u00ednica especializada<\/h3>\n<p>[\/nectar_highlighted_text][vc_column_text]<\/p>\n<p data-start=\"3702\" data-end=\"3940\">O sucesso do tratamento com alinhador invis\u00edvel depende tanto da qualidade do dispositivo como da experi\u00eancia do profissional. Na <strong data-start=\"3836\" data-end=\"3864\">Cl\u00ednica Dr. Pedro Coelho<\/strong>, aliamos tecnologia de ponta com um acompanhamento pr\u00f3ximo e personalizado.<\/p>\n<h3 data-start=\"3942\" data-end=\"4011\"><\/h3>\n<p>[\/vc_column_text][nectar_highlighted_text color_type=&#8221;regular&#8221; style=&#8221;full_text&#8221; highlight_expansion=&#8221;default&#8221;]<\/p>\n<h3>Porque optar por uma abordagem personalizada faz toda a diferen\u00e7a<\/h3>\n<p>[\/nectar_highlighted_text][vc_column_text]<\/p>\n<p data-start=\"4013\" data-end=\"4242\">Cada sorriso \u00e9 \u00fanico. Por isso, todos os nossos tratamentos com alinhador invis\u00edvel s\u00e3o adaptados \u00e0 sua estrutura facial, estilo de vida e expectativas. O resultado? Um sorriso alinhado, natural e em harmonia com o seu rosto.<\/p>\n<h2 data-start=\"4244\" data-end=\"4290\"><\/h2>\n<p>[\/vc_column_text][nectar_highlighted_text color_type=&#8221;regular&#8221; style=&#8221;full_text&#8221; highlight_expansion=&#8221;default&#8221;]<\/p>\n<h2><b>Est\u00e1 pronto para transformar o seu sorriso?<\/b><\/h2>\n<p>[\/nectar_highlighted_text][vc_column_text]Se procura uma solu\u00e7\u00e3o eficaz e discreta para alinhar os dentes, os alinhadores invis\u00edveis s\u00e3o a resposta ideal. Agende hoje mesmo a sua avalia\u00e7\u00e3o connosco e descubra o que este tratamento pode fazer por si.[\/vc_column_text][vc_column_text]Marque a sua consulta na Cl\u00ednica Dr. Pedro Coelho, em Oeiras, e d\u00ea o primeiro passo para um sorriso mais confiante.[\/vc_column_text][contact-form-7 id=&#8221;3417&#8243; title=&#8221;Pe\u00e7a j\u00e1 o seu or\u00e7amento&#8221;][divider line_type=&#8221;No Line&#8221;][nectar_highlighted_text color_type=&#8221;regular&#8221; style=&#8221;full_text&#8221; highlight_expansion=&#8221;default&#8221;]<\/p>\n<h2 style=\"text-align: center;\"><strong>Perguntas Frequentes sobre Alinhador Invis\u00edvel<\/strong><\/h2>\n<p>[\/nectar_highlighted_text][nectar_highlighted_text color_type=&#8221;regular&#8221; style=&#8221;full_text&#8221; highlight_expansion=&#8221;default&#8221;]<\/p>\n<h3 data-start=\"227\" data-end=\"298\"><strong>O alinhador invis\u00edvel funciona t\u00e3o bem como o aparelho tradicional?<\/strong><\/h3>\n<p>[\/nectar_highlighted_text][vc_column_text css=&#8221;.vc_custom_1748940301843{margin-top: 0px !important;margin-right: 0px !important;margin-left: 0px !important;}&#8221;]<\/p>\n<p data-start=\"300\" data-end=\"474\">Sim. Para a maioria dos casos leves a moderados, o alinhador invis\u00edvel oferece resultados equivalentes aos aparelhos fixos, com a vantagem de ser mais discreto e confort\u00e1vel.<\/p>\n<h3 data-start=\"476\" data-end=\"530\"><\/h3>\n<p>[\/vc_column_text][nectar_highlighted_text color_type=&#8221;regular&#8221; style=&#8221;full_text&#8221; highlight_expansion=&#8221;default&#8221;]<\/p>\n<h3 data-start=\"476\" data-end=\"530\"><strong>Quanto custa o tratamento com alinhador invis\u00edvel?<\/strong><\/h3>\n<p>[\/nectar_highlighted_text][vc_column_text css=&#8221;.vc_custom_1748940377283{margin-top: 0px !important;margin-right: 0px !important;margin-left: 0px !important;}&#8221;]<\/p>\n<p data-start=\"532\" data-end=\"717\">O valor depende de cada caso, mas geralmente varia entre <strong data-start=\"589\" data-end=\"608\">1.500\u20ac e 4.500\u20ac<\/strong>. Este pre\u00e7o inclui o planeamento digital personalizado e o acompanhamento cl\u00ednico durante todo o tratamento.<\/p>\n<h3 data-start=\"719\" data-end=\"781\"><\/h3>\n<h3 data-start=\"719\" data-end=\"781\"><\/h3>\n<p>[\/vc_column_text][nectar_highlighted_text color_type=&#8221;regular&#8221; style=&#8221;full_text&#8221; highlight_expansion=&#8221;default&#8221;]<\/p>\n<h3 data-start=\"719\" data-end=\"781\"><strong>Quantas horas por dia tenho de usar o alinhador invis\u00edvel?<\/strong><\/h3>\n<p>[\/nectar_highlighted_text][vc_column_text css=&#8221;.vc_custom_1748940393642{margin-top: 0px !important;margin-right: 0px !important;margin-left: 0px !important;}&#8221;]<\/p>\n<p data-start=\"783\" data-end=\"949\">Deve usar o alinhador invis\u00edvel entre <strong data-start=\"821\" data-end=\"846\">20 a 22 horas por dia<\/strong>, retirando-o apenas para comer, beber bebidas quentes ou com corantes, e para realizar a higiene oral.<\/p>\n<h3 data-start=\"951\" data-end=\"987\"><\/h3>\n<p>[\/vc_column_text][nectar_highlighted_text color_type=&#8221;regular&#8221; style=&#8221;full_text&#8221; highlight_expansion=&#8221;default&#8221;]<\/p>\n<h3 data-start=\"951\" data-end=\"987\"><strong>O alinhador invis\u00edvel causa dor?<\/strong><\/h3>\n<p>[\/nectar_highlighted_text][vc_column_text css=&#8221;.vc_custom_1748940414634{margin-top: 0px !important;margin-right: 0px !important;margin-left: 0px !important;}&#8221;]<\/p>\n<p data-start=\"989\" data-end=\"1171\">Pode causar um ligeiro desconforto ou press\u00e3o nos primeiros dias de cada nova fase do tratamento. Este sinal indica que o alinhador invis\u00edvel est\u00e1 a atuar de forma eficaz nos dentes.<\/p>\n<h3 data-start=\"1173\" data-end=\"1243\"><\/h3>\n<p>[\/vc_column_text][nectar_highlighted_text color_type=&#8221;regular&#8221; style=&#8221;full_text&#8221; highlight_expansion=&#8221;default&#8221;]<\/p>\n<h3 data-start=\"1173\" data-end=\"1243\"><strong>Posso fazer o tratamento com alinhador invis\u00edvel se j\u00e1 sou adulto?<\/strong><\/h3>\n<p>[\/nectar_highlighted_text][vc_column_text css=&#8221;.vc_custom_1748940435029{margin-top: 0px !important;margin-right: 0px !important;margin-left: 0px !important;}&#8221;]<\/p>\n<p data-start=\"1245\" data-end=\"1407\">Sim. O alinhador invis\u00edvel \u00e9 especialmente popular entre adultos que procuram uma solu\u00e7\u00e3o est\u00e9tica, confort\u00e1vel e discreta para corrigir o alinhamento dos dentes.<\/p>\n<h3 data-start=\"1409\" data-end=\"1477\"><\/h3>\n<p>[\/vc_column_text][nectar_highlighted_text color_type=&#8221;regular&#8221; style=&#8221;full_text&#8221; highlight_expansion=&#8221;default&#8221;]<\/p>\n<h3 data-start=\"1409\" data-end=\"1477\"><strong>Onde posso fazer o tratamento com alinhador invis\u00edvel em Oeiras?<\/strong><\/h3>\n<p>[\/nectar_highlighted_text][vc_column_text css=&#8221;.vc_custom_1748940452298{margin-top: 0px !important;margin-right: 0px !important;margin-left: 0px !important;}&#8221;]<\/p>\n<p data-start=\"1479\" data-end=\"1698\">Na <strong data-start=\"1482\" data-end=\"1519\">Cl\u00ednica Dent\u00e1ria Dr. Pedro Coelho<\/strong>, em Oeiras, uma equipa especializada em ortodontia est\u00e9tica utiliza tecnologia de ponta para garantir um tratamento personalizado e resultados excelentes com alinhador invis\u00edvel.<\/p>\n<p>[\/vc_column_text][\/vc_column][\/vc_row]<\/p>\n","protected":false},"excerpt":{"rendered":"<p>[vc_row type=&#8221;in_container&#8221; full_screen_row_position=&#8221;middle&#8221; column_margin=&#8221;default&#8221; column_direction=&#8221;default&#8221; column_direction_tablet=&#8221;default&#8221; column_direction_phone=&#8221;default&#8221; scene_position=&#8221;center&#8221; text_color=&#8221;dark&#8221; text_align=&#8221;left&#8221; row_border_radius=&#8221;none&#8221; row_border_radius_applies=&#8221;bg&#8221; overflow=&#8221;visible&#8221; overlay_strength=&#8221;0.3&#8243; gradient_direction=&#8221;left_to_right&#8221; shape_divider_position=&#8221;bottom&#8221; bg_image_animation=&#8221;none&#8221;][vc_column column_padding=&#8221;no-extra-padding&#8221; column_padding_tablet=&#8221;inherit&#8221; column_padding_phone=&#8221;inherit&#8221; column_padding_position=&#8221;all&#8221; column_element_spacing=&#8221;default&#8221; background_color_opacity=&#8221;1&#8243; background_hover_color_opacity=&#8221;1&#8243; column_shadow=&#8221;none&#8221; column_border_radius=&#8221;none&#8221; column_link_target=&#8221;_self&#8221; column_position=&#8221;default&#8221; gradient_direction=&#8221;left_to_right&#8221; overlay_strength=&#8221;0.3&#8243; width=&#8221;1\/1&#8243; tablet_width_inherit=&#8221;default&#8221; tablet_text_alignment=&#8221;default&#8221; phone_text_alignment=&#8221;default&#8221; animation_type=&#8221;default&#8221; bg_image_animation=&#8221;none&#8221; border_type=&#8221;simple&#8221; column_border_width=&#8221;none&#8221; column_border_style=&#8221;solid&#8221;][vc_column_text] Ter um sorriso alinhado e harmonioso \u00e9 um desejo cada vez mais comum e, felizmente, hoje [&hellip;]<\/p>\n","protected":false},"author":2,"featured_media":3432,"comment_status":"closed","ping_status":"closed","sticky":false,"template":"","format":"standard","meta":{"footnotes":""},"categories":[97],"tags":[86,10,21],"class_list":["post-3430","post","type-post","status-publish","format-standard","has-post-thumbnail","hentry","category-ortodontia-alinhadores","tag-dentes","tag-bom-dentista","tag-medico-dentista"],"_links":{"self":[{"href":"https:\/\/drpedrocoelho.ewards.makesyoursite.com\/en\/wp-json\/wp\/v2\/posts\/3430","targetHints":{"allow":["GET"]}}],"collection":[{"href":"https:\/\/drpedrocoelho.ewards.makesyoursite.com\/en\/wp-json\/wp\/v2\/posts"}],"about":[{"href":"https:\/\/drpedrocoelho.ewards.makesyoursite.com\/en\/wp-json\/wp\/v2\/types\/post"}],"author":[{"embeddable":true,"href":"https:\/\/drpedrocoelho.ewards.makesyoursite.com\/en\/wp-json\/wp\/v2\/users\/2"}],"replies":[{"embeddable":true,"href":"https:\/\/drpedrocoelho.ewards.makesyoursite.com\/en\/wp-json\/wp\/v2\/comments?post=3430"}],"version-history":[{"count":1,"href":"https:\/\/drpedrocoelho.ewards.makesyoursite.com\/en\/wp-json\/wp\/v2\/posts\/3430\/revisions"}],"predecessor-version":[{"id":4878,"href":"https:\/\/drpedrocoelho.ewards.makesyoursite.com\/en\/wp-json\/wp\/v2\/posts\/3430\/revisions\/4878"}],"wp:featuredmedia":[{"embeddable":true,"href":"https:\/\/drpedrocoelho.ewards.makesyoursite.com\/en\/wp-json\/wp\/v2\/media\/3432"}],"wp:attachment":[{"href":"https:\/\/drpedrocoelho.ewards.makesyoursite.com\/en\/wp-json\/wp\/v2\/media?parent=3430"}],"wp:term":[{"taxonomy":"category","embeddable":true,"href":"https:\/\/drpedrocoelho.ewards.makesyoursite.com\/en\/wp-json\/wp\/v2\/categories?post=3430"},{"taxonomy":"post_tag","embeddable":true,"href":"https:\/\/drpedrocoelho.ewards.makesyoursite.com\/en\/wp-json\/wp\/v2\/tags?post=3430"}],"curies":[{"name":"wp","href":"https:\/\/api.w.org\/{rel}","templated":true}]}}