{"id":3211,"date":"2025-03-20T14:31:47","date_gmt":"2025-03-20T14:31:47","guid":{"rendered":"https:\/\/www.drpedrocoelho.com\/?p=3211"},"modified":"2026-03-22T13:26:46","modified_gmt":"2026-03-22T13:26:46","slug":"dentes-do-siso-tudo-o-que-precisas-de-saber","status":"publish","type":"post","link":"https:\/\/drpedrocoelho.ewards.makesyoursite.com\/en\/dentes-do-siso-tudo-o-que-precisas-de-saber\/","title":{"rendered":"Dentes do Siso: Tudo o Que Precisa de Saber Sobre Sintomas, Extra\u00e7\u00e3o e Recupera\u00e7\u00e3o"},"content":{"rendered":"<p>[vc_row type=&#8221;in_container&#8221; full_screen_row_position=&#8221;middle&#8221; column_margin=&#8221;default&#8221; column_direction=&#8221;default&#8221; column_direction_tablet=&#8221;default&#8221; column_direction_phone=&#8221;default&#8221; scene_position=&#8221;center&#8221; text_color=&#8221;dark&#8221; text_align=&#8221;left&#8221; row_border_radius=&#8221;none&#8221; row_border_radius_applies=&#8221;bg&#8221; overflow=&#8221;visible&#8221; overlay_strength=&#8221;0.3&#8243; gradient_direction=&#8221;left_to_right&#8221; shape_divider_position=&#8221;bottom&#8221; bg_image_animation=&#8221;none&#8221;][vc_column column_padding=&#8221;no-extra-padding&#8221; column_padding_tablet=&#8221;inherit&#8221; column_padding_phone=&#8221;inherit&#8221; column_padding_position=&#8221;all&#8221; column_element_spacing=&#8221;default&#8221; background_color_opacity=&#8221;1&#8243; background_hover_color_opacity=&#8221;1&#8243; column_shadow=&#8221;none&#8221; column_border_radius=&#8221;none&#8221; column_link_target=&#8221;_self&#8221; column_position=&#8221;default&#8221; gradient_direction=&#8221;left_to_right&#8221; overlay_strength=&#8221;0.3&#8243; width=&#8221;1\/1&#8243; tablet_width_inherit=&#8221;default&#8221; tablet_text_alignment=&#8221;default&#8221; phone_text_alignment=&#8221;default&#8221; animation_type=&#8221;default&#8221; bg_image_animation=&#8221;none&#8221; border_type=&#8221;simple&#8221; column_border_width=&#8221;none&#8221; column_border_style=&#8221;solid&#8221;][vc_column_text]<span style=\"font-weight: 400;\">Os dentes do siso, tamb\u00e9m conhecidos como terceiros molares, s\u00e3o os \u00faltimos dentes a nascer e, frequentemente, podem causar desconforto ou complica\u00e7\u00f5es. Mas ser\u00e1 sempre necess\u00e1rio remov\u00ea-los? Neste artigo, vamos esclarecer todas as suas d\u00favidas sobre os sintomas, a necessidade de extra\u00e7\u00e3o e os cuidados p\u00f3s-operat\u00f3rios.<\/span>[\/vc_column_text][nectar_highlighted_text color_type=&#8221;regular&#8221; style=&#8221;full_text&#8221; highlight_expansion=&#8221;default&#8221;]<\/p>\n<h2><b>O que s\u00e3o os dentes do siso?<\/b><\/h2>\n<p>[\/nectar_highlighted_text][vc_column_text]<span style=\"font-weight: 400;\">Os dentes do siso surgem entre os 16 e os 25 anos e, geralmente, s\u00e3o quatro, localizados na parte posterior da boca. No entanto, algumas pessoas podem ter menos ou, em alguns casos, nem sequer desenvolver estes dentes.<\/span>[\/vc_column_text][vc_column_text]<span style=\"font-weight: 400;\">Nem sempre \u00e9 necess\u00e1ria a remo\u00e7\u00e3o dos dentes do siso. Quando nascem alinhados e saud\u00e1veis, podem permanecer na boca sem causar problemas. No entanto, se estiverem inclusos ou impactados, podem provocar dor e inflama\u00e7\u00e3o, tornando necess\u00e1ria a sua extra\u00e7\u00e3o.<\/span>[\/vc_column_text][nectar_highlighted_text color_type=&#8221;regular&#8221; style=&#8221;full_text&#8221; highlight_expansion=&#8221;default&#8221;]<\/p>\n<h2><b>Sintomas de problemas com os dentes do siso<\/b><\/h2>\n<p>[\/nectar_highlighted_text][vc_column_text]<span style=\"font-weight: 400;\">Os dentes do siso podem provocar v\u00e1rios sintomas desconfort\u00e1veis. Entre os mais comuns est\u00e3o:<\/span><\/p>\n<ul>\n<li style=\"font-weight: 400;\" aria-level=\"1\"><span style=\"font-weight: 400;\">Dor persistente na regi\u00e3o posterior da boca<\/span><\/li>\n<li style=\"font-weight: 400;\" aria-level=\"1\"><span style=\"font-weight: 400;\">Incha\u00e7o e vermelhid\u00e3o na gengiva<\/span><\/li>\n<li style=\"font-weight: 400;\" aria-level=\"1\"><span style=\"font-weight: 400;\">Dificuldade em abrir a boca completamente<\/span><\/li>\n<li style=\"font-weight: 400;\" aria-level=\"1\"><span style=\"font-weight: 400;\">Infec\u00e7\u00f5es recorrentes na gengiva (pericoronarite)<\/span><\/li>\n<li style=\"font-weight: 400;\" aria-level=\"1\"><span style=\"font-weight: 400;\">Desalinhamento dos dentes adjacentes devido \u00e0 press\u00e3o exercida pelo siso<\/span><\/li>\n<\/ul>\n<p><span style=\"font-weight: 400;\">Caso sinta algum destes sintomas, \u00e9 recomend\u00e1vel consultar um dentista para uma avalia\u00e7\u00e3o detalhada.<\/span>[\/vc_column_text][vc_column_text]<\/p>\n<h2><b>Quando e por que raz\u00e3o extrair os dentes do siso?<\/b><\/h2>\n<p>[\/vc_column_text][vc_column_text]<span style=\"font-weight: 400;\">A extra\u00e7\u00e3o dos dentes do siso \u00e9 recomendada em v\u00e1rias situa\u00e7\u00f5es:<\/span><\/p>\n<ul>\n<li style=\"font-weight: 400;\" aria-level=\"1\"><b>Dente do siso incluso<\/b><span style=\"font-weight: 400;\">: Quando o dente n\u00e3o consegue romper a gengiva, pode causar dor e infe\u00e7\u00e3o.<\/span><\/li>\n<li style=\"font-weight: 400;\" aria-level=\"1\"><b>Inflama\u00e7\u00e3o ou infe\u00e7\u00e3o gengival<\/b><span style=\"font-weight: 400;\">: A dificuldade de limpeza pode levar ao ac\u00famulo de bact\u00e9rias e ao desenvolvimento de infec\u00e7\u00f5es.<\/span><\/li>\n<li style=\"font-weight: 400;\" aria-level=\"1\"><b>Danos aos dentes vizinhos<\/b><span style=\"font-weight: 400;\">: O siso pode pressionar os dentes adjacentes, causando desalinhamento.<\/span><\/li>\n<\/ul>\n<p><b>Quistos ou c\u00e1ries<\/b><span style=\"font-weight: 400;\">: Quando o siso est\u00e1 parcialmente erupcionado, pode desenvolver c\u00e1ries ou at\u00e9 quistos na gengiva.<\/span>[\/vc_column_text][vc_column_text]<\/p>\n<h2><b>Como \u00e9 feita a extra\u00e7\u00e3o do dente do siso?<\/b><\/h2>\n<p>[\/vc_column_text][vc_column_text]<span style=\"font-weight: 400;\">A recupera\u00e7\u00e3o ap\u00f3s a extra\u00e7\u00e3o do siso pode durar entre alguns dias a duas semanas. Para garantir uma boa cicatriza\u00e7\u00e3o, siga estas recomenda\u00e7\u00f5es:<\/span>[\/vc_column_text][vc_column_text]<\/p>\n<h3><b>Nos primeiros dias:<\/b><\/h3>\n<ul>\n<li style=\"font-weight: 400;\" aria-level=\"1\"><span style=\"font-weight: 400;\">Aplique gelo na regi\u00e3o para reduzir o incha\u00e7o.<\/span><\/li>\n<li style=\"font-weight: 400;\" aria-level=\"1\"><span style=\"font-weight: 400;\">Evite esfor\u00e7os f\u00edsicos intensos.<\/span><\/li>\n<li style=\"font-weight: 400;\" aria-level=\"1\"><span style=\"font-weight: 400;\">Mantenha a cabe\u00e7a elevada ao dormir.<\/span><\/li>\n<li style=\"font-weight: 400;\" aria-level=\"1\"><span style=\"font-weight: 400;\">Evite fumar e consumir bebidas alco\u00f3licas.<\/span><\/li>\n<\/ul>\n<p>[\/vc_column_text][vc_column_text]<\/p>\n<h3><b>Cuidados com a alimenta\u00e7\u00e3o:<\/b><\/h3>\n<ul>\n<li style=\"font-weight: 400;\" aria-level=\"1\"><span style=\"font-weight: 400;\">Prefira alimentos macios e frios, como sopas frias, iogurtes e sumos naturais.<\/span><\/li>\n<li style=\"font-weight: 400;\" aria-level=\"1\"><span style=\"font-weight: 400;\">Evite alimentos quentes, duros ou picantes.<\/span><\/li>\n<li style=\"font-weight: 400;\" aria-level=\"1\"><span style=\"font-weight: 400;\">N\u00e3o utilize palhinhas para beber l\u00edquidos, pois o movimento de suc\u00e7\u00e3o pode deslocar o co\u00e1gulo sangu\u00edneo.<\/span><\/li>\n<\/ul>\n<p>[\/vc_column_text][vc_column_text]<span style=\"font-weight: 400;\">A recupera\u00e7\u00e3o ap\u00f3s a extra\u00e7\u00e3o do siso pode durar entre alguns dias a duas semanas. Para garantir uma boa cicatriza\u00e7\u00e3o, siga estas recomenda\u00e7\u00f5es:<\/span>[\/vc_column_text][vc_column_text]<span style=\"font-weight: 400;\">A recupera\u00e7\u00e3o ap\u00f3s a extra\u00e7\u00e3o do siso pode durar entre alguns dias a duas semanas. Para garantir uma boa cicatriza\u00e7\u00e3o, siga estas recomenda\u00e7\u00f5es:<\/span>[\/vc_column_text][vc_column_text]<\/p>\n<h2><b>Recupera\u00e7\u00e3o e cuidados p\u00f3s-operat\u00f3rios<\/b><\/h2>\n<p>[\/vc_column_text][vc_column_text]<span style=\"font-weight: 400;\">Uma visita ao dentista para uma limpeza profissional \u00e9 o primeiro passo para remover manchas superficiais e placa bacteriana. Esta etapa \u00e9 essencial antes de iniciar qualquer tratamento de branqueamento.<\/span>[\/vc_column_text][vc_column_text]<\/p>\n<h3><b>Higiene Oral:<\/b><\/h3>\n<ul>\n<li style=\"font-weight: 400;\" aria-level=\"1\"><span style=\"font-weight: 400;\">Escove os dentes cuidadosamente, evitando a \u00e1rea da cirurgia.<\/span><\/li>\n<li style=\"font-weight: 400;\" aria-level=\"1\"><span style=\"font-weight: 400;\">Utilize um colut\u00f3rio recomendado pelo dentista para evitar infec\u00e7\u00f5es.<\/span><\/li>\n<\/ul>\n<p><span style=\"font-weight: 400;\">Se sentir dor intensa, sangramento excessivo ou sinais de infe\u00e7\u00e3o (como febre), entre em contacto com o seu dentista imediatamente.<\/span>[\/vc_column_text][vc_column_text]<\/p>\n<h2><b>Conclus\u00e3o<\/b><\/h2>\n<p>[\/vc_column_text][vc_column_text]<span style=\"font-weight: 400;\">Os dentes do siso podem ou n\u00e3o precisar de remo\u00e7\u00e3o, dependendo da sua posi\u00e7\u00e3o e impacto na sua sa\u00fade oral. Caso sinta dor ou desconforto, o ideal \u00e9 marcar uma consulta com um dentista para uma avalia\u00e7\u00e3o detalhada e decidir a melhor abordagem para o seu caso.<\/span><\/p>\n<p><span style=\"font-weight: 400;\">Precisa de ajuda com os seus dentes do siso? Marque uma consulta na nossa cl\u00ednica em Oeiras e assegure-se de que a sua sa\u00fade oral est\u00e1 em boas m\u00e3os!<\/span><\/p>\n<p>Marque a sua consulta na Cl\u00ednica Dr. Pedro Coelho, em Oeiras, e d\u00ea o primeiro passo para um sorriso mais confiante.[\/vc_column_text][contact-form-7 id=&#8221;3417&#8243;][divider line_type=&#8221;No Line&#8221; custom_height=&#8221;50&#8243;][vc_column_text]<\/p>\n<h2 style=\"text-align: center;\"><strong>Perguntas Frequentes sobre Dentes do Siso<\/strong><\/h2>\n<p>[\/vc_column_text][vc_column_text]<\/p>\n<h3>O que s\u00e3o os dentes do siso?<\/h3>\n<p>[\/vc_column_text][vc_column_text]<\/p>\n<p data-start=\"263\" data-end=\"472\">S\u00e3o os terceiros molares, normalmente quatro, que nascem entre os 16 e os 25 anos. Est\u00e3o localizados na parte mais posterior da boca e nem todas as pessoas os desenvolvem.<\/p>\n<p>[\/vc_column_text][vc_column_text]<\/p>\n<h3>\u00c9 sempre necess\u00e1rio extrair os dentes do siso?<\/h3>\n<p>[\/vc_column_text][vc_column_text]<\/p>\n<p data-start=\"263\" data-end=\"472\">N\u00e3o. Se nascerem bem alinhados, sem causar dor, infe\u00e7\u00f5es ou impacto nos dentes adjacentes, podem permanecer na boca. A extra\u00e7\u00e3o s\u00f3 \u00e9 indicada em casos espec\u00edficos.<\/p>\n<p>[\/vc_column_text][vc_column_text]<\/p>\n<h3>Quais os sintomas mais comuns de problemas com os sisos?<\/h3>\n<p>[\/vc_column_text][vc_column_text]<\/p>\n<p data-start=\"263\" data-end=\"472\">Dor na parte de tr\u00e1s da boca, gengiva inchada e vermelha, dificuldade em abrir a boca, infe\u00e7\u00f5es gengivais recorrentes e desalinhamento dos dentes s\u00e3o sintomas t\u00edpicos.<\/p>\n<p>[\/vc_column_text][vc_column_text]<\/p>\n<h3>Quando devo extrair o dente do siso?<\/h3>\n<p>[\/vc_column_text][vc_column_text]<\/p>\n<p data-start=\"263\" data-end=\"472\">A extra\u00e7\u00e3o \u00e9 indicada se o dente estiver incluso, provocar infe\u00e7\u00f5es, causar danos aos dentes vizinhos ou desenvolver c\u00e1ries ou quistos.<\/p>\n<p>[\/vc_column_text][vc_column_text]<\/p>\n<h3>Como \u00e9 feita a extra\u00e7\u00e3o dos dentes do siso?<\/h3>\n<p>[\/vc_column_text][vc_column_text]<\/p>\n<p data-start=\"263\" data-end=\"472\">\u00c9 um procedimento cir\u00fargico realizado sob anestesia local. Em alguns casos, pode envolver corte da gengiva ou remo\u00e7\u00e3o \u00f3ssea para facilitar a extra\u00e7\u00e3o.<\/p>\n<p>[\/vc_column_text][vc_column_text]<\/p>\n<h3>Quanto tempo demora a recupera\u00e7\u00e3o ap\u00f3s a extra\u00e7\u00e3o?<\/h3>\n<p>[\/vc_column_text][vc_column_text]<\/p>\n<p data-start=\"263\" data-end=\"472\">A recupera\u00e7\u00e3o varia de pessoa para pessoa, mas normalmente dura entre 3 dias a 2 semanas. Nos primeiros dias \u00e9 essencial seguir os cuidados recomendados para evitar complica\u00e7\u00f5es.<\/p>\n<p>[\/vc_column_text][vc_column_text]<\/p>\n<h3>O que posso comer depois de tirar o siso?<\/h3>\n<p>[\/vc_column_text][vc_column_text]<\/p>\n<p data-start=\"1558\" data-end=\"1763\">Nos primeiros dias deve optar por alimentos frios e macios como iogurtes, sopas frias, pur\u00e9s e sumos naturais. Evite alimentos duros, quentes ou picantes.<\/p>\n<p>[\/vc_column_text][vc_column_text]<\/p>\n<h3>Posso usar palhinha depois de tirar o dente do siso?<\/h3>\n<p>[\/vc_column_text][vc_column_text]<\/p>\n<p data-start=\"263\" data-end=\"472\">N\u00e3o. O movimento de suc\u00e7\u00e3o pode deslocar o co\u00e1gulo que protege o local da extra\u00e7\u00e3o, causando uma condi\u00e7\u00e3o dolorosa chamada alveolite seca.<\/p>\n<p>[\/vc_column_text][vc_column_text]<\/p>\n<h3>O que acontece se n\u00e3o remover um siso incluso?<\/h3>\n<p>[\/vc_column_text][vc_column_text]<\/p>\n<p data-start=\"263\" data-end=\"472\">Pode causar infe\u00e7\u00f5es frequentes, c\u00e1ries, quistos, dor cr\u00f3nica ou press\u00e3o sobre os dentes adjacentes, provocando desalinhamentos.<\/p>\n<p>[\/vc_column_text][vc_column_text]<\/p>\n<h3>\u00c9 normal ter dor ap\u00f3s a extra\u00e7\u00e3o do siso?<\/h3>\n<p>[\/vc_column_text][vc_column_text]<\/p>\n<p data-start=\"263\" data-end=\"472\">Sim, algum desconforto \u00e9 esperado. No entanto, se a dor for muito intensa, persistente ou acompanhada de febre, deve contactar o dentista.<\/p>\n<p>[\/vc_column_text][\/vc_column][\/vc_row][vc_row type=&#8221;in_container&#8221; full_screen_row_position=&#8221;middle&#8221; column_margin=&#8221;default&#8221; column_direction=&#8221;default&#8221; column_direction_tablet=&#8221;default&#8221; column_direction_phone=&#8221;default&#8221; scene_position=&#8221;center&#8221; text_color=&#8221;dark&#8221; text_align=&#8221;left&#8221; row_border_radius=&#8221;none&#8221; row_border_radius_applies=&#8221;bg&#8221; overflow=&#8221;visible&#8221; overlay_strength=&#8221;0.3&#8243; gradient_direction=&#8221;left_to_right&#8221; shape_divider_position=&#8221;bottom&#8221; bg_image_animation=&#8221;none&#8221;][vc_column column_padding=&#8221;no-extra-padding&#8221; column_padding_tablet=&#8221;inherit&#8221; column_padding_phone=&#8221;inherit&#8221; column_padding_position=&#8221;all&#8221; column_element_spacing=&#8221;default&#8221; background_color_opacity=&#8221;1&#8243; background_hover_color_opacity=&#8221;1&#8243; column_shadow=&#8221;none&#8221; column_border_radius=&#8221;none&#8221; column_link_target=&#8221;_self&#8221; column_position=&#8221;default&#8221; gradient_direction=&#8221;left_to_right&#8221; overlay_strength=&#8221;0.3&#8243; width=&#8221;1\/1&#8243; tablet_width_inherit=&#8221;default&#8221; tablet_text_alignment=&#8221;default&#8221; phone_text_alignment=&#8221;default&#8221; animation_type=&#8221;default&#8221; bg_image_animation=&#8221;none&#8221; border_type=&#8221;simple&#8221; column_border_width=&#8221;none&#8221; column_border_style=&#8221;solid&#8221;][\/vc_column][\/vc_row]<\/p>\n","protected":false},"excerpt":{"rendered":"<p>[vc_row type=&#8221;in_container&#8221; full_screen_row_position=&#8221;middle&#8221; column_margin=&#8221;default&#8221; column_direction=&#8221;default&#8221; column_direction_tablet=&#8221;default&#8221; column_direction_phone=&#8221;default&#8221; scene_position=&#8221;center&#8221; text_color=&#8221;dark&#8221; text_align=&#8221;left&#8221; row_border_radius=&#8221;none&#8221; row_border_radius_applies=&#8221;bg&#8221; overflow=&#8221;visible&#8221; overlay_strength=&#8221;0.3&#8243; gradient_direction=&#8221;left_to_right&#8221; shape_divider_position=&#8221;bottom&#8221; bg_image_animation=&#8221;none&#8221;][vc_column column_padding=&#8221;no-extra-padding&#8221; column_padding_tablet=&#8221;inherit&#8221; column_padding_phone=&#8221;inherit&#8221; column_padding_position=&#8221;all&#8221; column_element_spacing=&#8221;default&#8221; background_color_opacity=&#8221;1&#8243; background_hover_color_opacity=&#8221;1&#8243; column_shadow=&#8221;none&#8221; column_border_radius=&#8221;none&#8221; column_link_target=&#8221;_self&#8221; column_position=&#8221;default&#8221; gradient_direction=&#8221;left_to_right&#8221; overlay_strength=&#8221;0.3&#8243; width=&#8221;1\/1&#8243; tablet_width_inherit=&#8221;default&#8221; tablet_text_alignment=&#8221;default&#8221; phone_text_alignment=&#8221;default&#8221; animation_type=&#8221;default&#8221; bg_image_animation=&#8221;none&#8221; border_type=&#8221;simple&#8221; column_border_width=&#8221;none&#8221; column_border_style=&#8221;solid&#8221;][vc_column_text]Os dentes do siso, tamb\u00e9m conhecidos como terceiros molares, s\u00e3o os \u00faltimos dentes a nascer e, frequentemente, [&hellip;]<\/p>\n","protected":false},"author":2,"featured_media":4964,"comment_status":"closed","ping_status":"closed","sticky":false,"template":"","format":"standard","meta":{"footnotes":""},"categories":[98],"tags":[86,10,21],"class_list":["post-3211","post","type-post","status-publish","format-standard","has-post-thumbnail","hentry","category-saude-higiene-oral","tag-dentes","tag-bom-dentista","tag-medico-dentista"],"_links":{"self":[{"href":"https:\/\/drpedrocoelho.ewards.makesyoursite.com\/en\/wp-json\/wp\/v2\/posts\/3211","targetHints":{"allow":["GET"]}}],"collection":[{"href":"https:\/\/drpedrocoelho.ewards.makesyoursite.com\/en\/wp-json\/wp\/v2\/posts"}],"about":[{"href":"https:\/\/drpedrocoelho.ewards.makesyoursite.com\/en\/wp-json\/wp\/v2\/types\/post"}],"author":[{"embeddable":true,"href":"https:\/\/drpedrocoelho.ewards.makesyoursite.com\/en\/wp-json\/wp\/v2\/users\/2"}],"replies":[{"embeddable":true,"href":"https:\/\/drpedrocoelho.ewards.makesyoursite.com\/en\/wp-json\/wp\/v2\/comments?post=3211"}],"version-history":[{"count":1,"href":"https:\/\/drpedrocoelho.ewards.makesyoursite.com\/en\/wp-json\/wp\/v2\/posts\/3211\/revisions"}],"predecessor-version":[{"id":4883,"href":"https:\/\/drpedrocoelho.ewards.makesyoursite.com\/en\/wp-json\/wp\/v2\/posts\/3211\/revisions\/4883"}],"wp:featuredmedia":[{"embeddable":true,"href":"https:\/\/drpedrocoelho.ewards.makesyoursite.com\/en\/wp-json\/wp\/v2\/media\/4964"}],"wp:attachment":[{"href":"https:\/\/drpedrocoelho.ewards.makesyoursite.com\/en\/wp-json\/wp\/v2\/media?parent=3211"}],"wp:term":[{"taxonomy":"category","embeddable":true,"href":"https:\/\/drpedrocoelho.ewards.makesyoursite.com\/en\/wp-json\/wp\/v2\/categories?post=3211"},{"taxonomy":"post_tag","embeddable":true,"href":"https:\/\/drpedrocoelho.ewards.makesyoursite.com\/en\/wp-json\/wp\/v2\/tags?post=3211"}],"curies":[{"name":"wp","href":"https:\/\/api.w.org\/{rel}","templated":true}]}}