{"id":2718,"date":"2024-04-08T12:39:26","date_gmt":"2024-04-08T11:39:26","guid":{"rendered":"https:\/\/www.drpedrocoelho.com\/?p=2718"},"modified":"2026-03-22T13:45:59","modified_gmt":"2026-03-22T13:45:59","slug":"implantes-dentarios-miguel-esteves-cardoso","status":"publish","type":"post","link":"https:\/\/drpedrocoelho.ewards.makesyoursite.com\/en\/implantes-dentarios-miguel-esteves-cardoso\/","title":{"rendered":"Uma Primavera permanente. Por Miguel Esteves Cardoso."},"content":{"rendered":"<p>A\/C Dr Pedro Coelho<\/p>\n<p><u>Uma Primavera permanente<\/u><\/p>\n<p><img decoding=\"async\" class=\"alignnone wp-image-2724\" src=\"https:\/\/drpedrocoelho.ewards.makesyoursite.com\/wp-content\/uploads\/2024\/04\/mec3.jpg\" alt=\"MEC\" width=\"137\" height=\"137\" srcset=\"https:\/\/drpedrocoelho.ewards.makesyoursite.com\/wp-content\/uploads\/2024\/04\/mec3.jpg 298w, https:\/\/drpedrocoelho.ewards.makesyoursite.com\/wp-content\/uploads\/2024\/04\/mec3-150x150.jpg 150w\" sizes=\"(max-width: 137px) 100vw, 137px\" \/><\/p>\n<p>Miguel Esteves Cardoso<\/p>\n<p>&nbsp;<\/p>\n<p>Faz agora exactamente um ano que entrei no consult\u00f3rio do Dr Pedro Coelho.<\/p>\n<p>Tinha os dentes todos estragados, j\u00e1 h\u00e1 muitos anos, e tinha-me habituado a falar com a boca fechada, e a fugir da vida boa de boca aberta, que \u00e9 a alegria de rir e sorrir e viver em sociedade.<\/p>\n<p>Um ano depois, j\u00e1 no m\u00eas da Primavera, e mais do que pronto para o resto da minha vida, tenho a boca cheia de dentes novos.<\/p>\n<p>E dou comigo a lembrar-me da \u00faltima vez em que pude contar com os meus dentes todos, tinha eu 20 anos.<\/p>\n<p>Gra\u00e7as aos implantes integrais, superiores e inferiores, que o Pedro instalou na minha boca, com um cuidado imenso e uma seguran\u00e7a que s\u00f3 a sabedoria concede, pude voltar a sentir a despreocupa\u00e7\u00e3o que eu julgara perdida para sempre: esquecer-me dos dentes, e viver a vida sem pensar mais neles, e sem sofrer mais, e perder mais, por causa deles.<\/p>\n<p>De repente, posso concentrar-me nas coisas que precisam da minha concentra\u00e7\u00e3o. Posso concentrar-me nas palavras que ou\u00e7o, e rir-me com elas \u00e0 vontade. Posso concentrar-me no que digo, sem medo de abrir a boca. Posso ir a todo o lado. Posso rir, e fazer rir. Posso seduzir e encantar. Posso distrair-me e esquecer-me de mim.<\/p>\n<p>Posso ser eu.<\/p>\n<p>Sou um escritor. E quem escreve tamb\u00e9m escreve para n\u00e3o aparecer. Mas n\u00e3o se pode escrever a vida em vez de viv\u00ea-la. \u00c9 preciso viv\u00ea-la, at\u00e9 para poder escrever sobre ela.<\/p>\n<p>S\u00e3o os olhos que mandam em n\u00f3s. \u00c9 pelos olhos que julgamos e somos julgados.<\/p>\n<p>Falamos com a boca. Olhamos, temos de olhar para a boca de quem fala connosco.<\/p>\n<p>Para nos podermos concentrar no que a outra pessoa nos diz, ou naquilo que dizemos a outra pessoa, n\u00e3o podemos estar distra\u00eddos pelos dentes. N\u00e3o podemos estar conscientes deles.<\/p>\n<p>Temos de nos esquecer que eles est\u00e3o l\u00e1. E, para nos esquecermos, os dentes t\u00eam de ser saud\u00e1veis, t\u00eam de estar l\u00e1 todos, t\u00eam de ser bonitos.<\/p>\n<p>\u00c9 que os nossos olhos n\u00e3o perdoam. Fixam-se na mais pequena mancha, na mais pequena aus\u00eancia, na mais pequena imperfei\u00e7\u00e3o.<\/p>\n<p>N\u00e3o s\u00e3o s\u00f3 os seres humanos: todos os animais fazem isto. Os dentes contam-nos muitas coisas, para al\u00e9m da idade. V\u00e3o muito al\u00e9m disso: s\u00e3o o principal ind\u00edcio de sa\u00fade.<\/p>\n<p>Quando eu tinha os dentes estragados, as pessoas pensavam que todo eu estava estragado.<\/p>\n<p>Arranjavam explica\u00e7\u00f5es para os estragos &#8211; e eram todas m\u00e1s. Os dentes s\u00e3o denunciantes. Os dentes d\u00e3o mesmo com a l\u00edngua nos dentes.<\/p>\n<p>Entre os humanos, pior do que a decad\u00eancia dent\u00e1ria, \u00e9 a percep\u00e7\u00e3o do descuido. As pessoas sabem que hoje em dia \u00e9 relativamente f\u00e1cil arranjar os dentes.<\/p>\n<p>Ter os dentes estragados n\u00e3o \u00e9 um azar. N\u00e3o \u00e9 um pormenor. N\u00e3o apela \u00e0 compaix\u00e3o.<\/p>\n<p>Ter os dentes estragados demonstra indiferen\u00e7a, aliena\u00e7\u00e3o, falta de vontade de conviver.<\/p>\n<p>N\u00e3o \u00e9 a pessoa que d\u00e1 um passo atr\u00e1s quando v\u00ea uma boca cheia de dentes estragados, que tem culpa. Ela est\u00e1 s\u00f3 a reagir \u00e0quilo que percebe como a agressividade e indiferen\u00e7a anti-social da outra pessoa.<\/p>\n<p>&nbsp;<\/p>\n<p>Eu sei que h\u00e1 implantes mais r\u00e1pidos e mais baratos, que requerem menos visitas. Foram precisamente as m\u00e1s, e muito m\u00e1s experi\u00eancias de amigos meus que decidiram ir nessas cantigas, que me convenceram a procurar o Dr Pedro Coelho.<\/p>\n<p>Valeu mesmo a pena.<\/p>\n<p>Muitos dentistas s\u00e3o cuidadosos, e dizem-se perfeccionistas, mas o Pedro \u00e9 a personifica\u00e7\u00e3o da perfei\u00e7\u00e3o.<\/p>\n<p>Ele leva muito tempo a fazer as coisas. O tempo aqui \u00e9 o que interessa. O tempo \u00e9 quantific\u00e1vel. Qualquer pessoa pode anunciar que \u00e9 perfeccionista, mas para a pessoa sentada na cadeira do dentista, \u00e9 o tempo que mostra o cuidado que se tem.<\/p>\n<p>Para uma pessoa esquecer-se dos dentes, e viver sem pensar neles, \u00e9 preciso que fiquem perfeitos, e que fiquem perfeitos para sempre.<\/p>\n<p>A perfei\u00e7\u00e3o \u00e9 dific\u00edlima, porque depende de cada pessoa. A palavra &#8220;perfei\u00e7\u00e3o&#8221;, tal como a palavra &#8220;amor&#8221;, ou &#8220;paix\u00e3o&#8221;, est\u00e1 de tal forma degradada que \u00e9 tentador abandon\u00e1-la.<\/p>\n<p>Mas n\u00e3o se pode abandon\u00e1-la. O amor, a paix\u00e3o, e a perfei\u00e7\u00e3o existem, por muito que se abuse das tr\u00eas palavras.<\/p>\n<p>Para se chegar \u00e0 perfei\u00e7\u00e3o, como o Pedro consegue repetidamente, \u00e9 preciso muita experi\u00eancia, uma grande t\u00e9cnica, e um apurad\u00edssimo sentido est\u00e9tico.<\/p>\n<p>Destas tr\u00eas qualidades, o sentido est\u00e9tico \u00e9, de longe, o mais raro.<\/p>\n<p>Os dentes t\u00eam de seguir a cara, t\u00eam de a prolongar, t\u00eam de a exp\u00f4r, t\u00eam de a enaltecer, t\u00eam de a iluminar.<\/p>\n<p>Mas, mesmo supondo que algu\u00e9m tinha a experi\u00eancia, a t\u00e9cnica e o sentido est\u00e9tico que o Dr Pedro Coelho tem, qual seria a diferen\u00e7a?<\/p>\n<p>A diferen\u00e7a \u00e9 o tempo. Quando se \u00e9 muito bom, h\u00e1 sempre a tenta\u00e7\u00e3o de despachar, de abreviar, de delegar: o tempo \u00e9 dinheiro.<\/p>\n<p>A verdade \u00e9 que o Pedro n\u00e3o leva muito tempo: os outros \u00e9 que levam pouco.<\/p>\n<p>Para uma coisa ficar bem feita &#8211; e sem isso n\u00e3o h\u00e1 perfei\u00e7\u00e3o &#8211; tem mesmo de ficar bem feita.<\/p>\n<p>\u00c9 o que faz o Dr Pedro Coelho. Leva tempo, mas, com cada ano que passa, o tempo que levou vai ficando cada vez mais pequeno: porque ficou logo bem feito.<\/p>\n<p>E o sacrif\u00edcio vai-se diluindo no prazer ininterrupto de sorriso ap\u00f3s sorriso, ao longo dos dias e dos anos.<\/p>\n<p>&nbsp;<\/p>\n<p>Por muito que leiamos sobre a vida nova de quem voltou a ter dentes, nada nos prepara para a leveza e para a alegria de nos deixarmos de preocupar com eles.<\/p>\n<p>O Dr Pedro Coelho restituiu-me o desprendimento dos meus 20 anos, em que as coisas importantes tinham direito \u00e0 import\u00e2ncia toda que tinham.<\/p>\n<p>Uma pessoa esquece-se dos dentes, para se poder lembrar de todas as outras coisas.<\/p>\n<p>&nbsp;<\/p>\n<p>E se isso n\u00e3o \u00e9 um milagre, anda l\u00e1 muito perto.<\/p>\n<p>&nbsp;<\/p>\n<p>Obrigado, Pedro!<\/p>\n<p>&nbsp;<\/p>\n<p>Miguel Esteves Cardoso<\/p>\n<p>21.3.24<\/p>\n<p>&nbsp;<\/p>\n<p><a id=\"slider-4-slide-2689-layer-60\" class=\"rs-layer rev-btn\" style=\"z-index: 16; background-color: #092267; font-family: 'Source Sans Pro'; display: inline-block; height: auto; color: #ffffff; text-decoration: none; white-space: normal; width: 100%; min-height: 0px; min-width: 0px; max-height: none; max-width: none; text-align: center; line-height: 18px; letter-spacing: 0px; font-weight: 400; font-size: 14px; border-style: none; padding: 13px 10px 12px; border-radius: 4px; backdrop-filter: none; filter: none; transform-origin: 50% 50%; opacity: 1; transform: translate(0px, 0px); visibility: visible; border-width: 0px;\" href=\"https:\/\/drpedrocoelho.ewards.makesyoursite.com\/en\/marcar-consulta\/\" target=\"_self\" rel=\"noopener\" data-type=\"button\" data-xy=\"y:b;\" data-pos=\"a\" data-text=\"w:normal;s:14;l:18;a:center;\" data-dim=\"w:130px,130px,100%,100%;minh:0px,none,none,none;\" data-rsp_o=\"off\" data-rsp_bd=\"off\" data-disp=\"inline-block\" data-padding=\"t:11,13,13,13;r:18,13,10,6;b:11,12,12,12;l:18,13,10,6;\" data-border=\"bos:none,none,none,solid;bow:0,0,0,0px;bor:4px,4px,4px,4px;\" data-frame_999=\"o:0;st:w;sR:4700;\" data-frame_hover=\"c:#092267;bgc:#f4f6fa;bor:7px,7px,7px,7px;\" data-idcheck=\"true\" data-stylerecorder=\"true\" data-initialised=\"true\">Agende a sua consulta e descubra como podemos transformar o seu sorriso.<\/a><\/p>\n<p>&nbsp;<\/p>\n<p><img fetchpriority=\"high\" decoding=\"async\" class=\"alignnone wp-image-2721 size-medium\" src=\"https:\/\/drpedrocoelho.ewards.makesyoursite.com\/wp-content\/uploads\/2024\/04\/mec2-300x200.jpg\" alt=\"\" width=\"300\" height=\"200\" srcset=\"https:\/\/drpedrocoelho.ewards.makesyoursite.com\/wp-content\/uploads\/2024\/04\/mec2-300x200.jpg 300w, https:\/\/drpedrocoelho.ewards.makesyoursite.com\/wp-content\/uploads\/2024\/04\/mec2-768x512.jpg 768w, https:\/\/drpedrocoelho.ewards.makesyoursite.com\/wp-content\/uploads\/2024\/04\/mec2.jpg 1024w\" sizes=\"(max-width: 300px) 100vw, 300px\" \/><\/p>\n<p>&nbsp;<\/p>\n<p>&nbsp;<\/p>\n<p>&nbsp;<\/p>\n<p>&nbsp;<\/p>\n<p>&nbsp;<\/p>\n<p>&nbsp;<\/p>\n<p>&nbsp;<\/p>\n<p>&nbsp;<\/p>\n<p>&nbsp;<\/p>\n<p>&nbsp;<\/p>\n<p>&nbsp;<\/p>","protected":false},"excerpt":{"rendered":"<p>A\/C Dr Pedro Coelho Uma Primavera permanente Miguel Esteves Cardoso &nbsp; Faz agora exactamente um ano que entrei no consult\u00f3rio do Dr Pedro Coelho. Tinha os dentes todos estragados, j\u00e1 h\u00e1 muitos anos, e tinha-me habituado a falar com a boca fechada, e a fugir da vida boa de boca aberta, que \u00e9 a alegria [&hellip;]<\/p>\n","protected":false},"author":2,"featured_media":2719,"comment_status":"closed","ping_status":"closed","sticky":false,"template":"","format":"standard","meta":{"footnotes":""},"categories":[98],"tags":[86,85,10,32],"class_list":["post-2718","post","type-post","status-publish","format-standard","has-post-thumbnail","hentry","category-saude-higiene-oral","tag-dentes","tag-implantesdentarios","tag-bom-dentista","tag-implantologia"],"_links":{"self":[{"href":"https:\/\/drpedrocoelho.ewards.makesyoursite.com\/en\/wp-json\/wp\/v2\/posts\/2718","targetHints":{"allow":["GET"]}}],"collection":[{"href":"https:\/\/drpedrocoelho.ewards.makesyoursite.com\/en\/wp-json\/wp\/v2\/posts"}],"about":[{"href":"https:\/\/drpedrocoelho.ewards.makesyoursite.com\/en\/wp-json\/wp\/v2\/types\/post"}],"author":[{"embeddable":true,"href":"https:\/\/drpedrocoelho.ewards.makesyoursite.com\/en\/wp-json\/wp\/v2\/users\/2"}],"replies":[{"embeddable":true,"href":"https:\/\/drpedrocoelho.ewards.makesyoursite.com\/en\/wp-json\/wp\/v2\/comments?post=2718"}],"version-history":[{"count":2,"href":"https:\/\/drpedrocoelho.ewards.makesyoursite.com\/en\/wp-json\/wp\/v2\/posts\/2718\/revisions"}],"predecessor-version":[{"id":4993,"href":"https:\/\/drpedrocoelho.ewards.makesyoursite.com\/en\/wp-json\/wp\/v2\/posts\/2718\/revisions\/4993"}],"wp:featuredmedia":[{"embeddable":true,"href":"https:\/\/drpedrocoelho.ewards.makesyoursite.com\/en\/wp-json\/wp\/v2\/media\/2719"}],"wp:attachment":[{"href":"https:\/\/drpedrocoelho.ewards.makesyoursite.com\/en\/wp-json\/wp\/v2\/media?parent=2718"}],"wp:term":[{"taxonomy":"category","embeddable":true,"href":"https:\/\/drpedrocoelho.ewards.makesyoursite.com\/en\/wp-json\/wp\/v2\/categories?post=2718"},{"taxonomy":"post_tag","embeddable":true,"href":"https:\/\/drpedrocoelho.ewards.makesyoursite.com\/en\/wp-json\/wp\/v2\/tags?post=2718"}],"curies":[{"name":"wp","href":"https:\/\/api.w.org\/{rel}","templated":true}]}}