{"id":2676,"date":"2024-01-10T23:31:20","date_gmt":"2024-01-10T23:31:20","guid":{"rendered":"https:\/\/www.drpedrocoelho.com\/?p=2676"},"modified":"2026-03-22T14:02:08","modified_gmt":"2026-03-22T14:02:08","slug":"caries-em-dentes-de-leite-o-que-fazer","status":"publish","type":"post","link":"https:\/\/drpedrocoelho.ewards.makesyoursite.com\/en\/caries-em-dentes-de-leite-o-que-fazer\/","title":{"rendered":"C\u00e1ries em dentes de leite: O que fazer"},"content":{"rendered":"<p>Estive uns dias de f\u00e9rias com a fam\u00edlia no Algarve.<\/p>\n<p>Num desses dias cruz\u00e1mo-nos com um casal conhecido, v\u00e1 l\u00e1 saber-se porqu\u00ea (\ud83e\udd14?!?!), a conversa foi parar aos dentes do seu filho de 4 anos\u2026<\/p>\n<p>O mi\u00fado ainda s\u00f3 tem dentes de leite e j\u00e1 tem v\u00e1rias c\u00e1ries! \ud83d\ude35<\/p>\n<p>Eu fico pasmado como \u00e9 que em pleno Ano do Senhor de Dois Mil e Vinte e Tr\u00eas, isto continua a acontecer\u2026<\/p>\n<p>Mas \u00e9 um facto. E muito mais frequente do que as pessoas pensam!<\/p>\n<p>Eu pessoalmente n\u00e3o trato crian\u00e7as, n\u00e3o por n\u00e3o gostar ou n\u00e3o achar importante (que acho muito!), mas porque estou dedicado a outras \u00e1reas e tenho na minha Equipa colegas dedicados \u00e0 Odontopediatria com uma paix\u00e3o enorme pelas crian\u00e7as e que os tratam quase como se fossem seus filhos.<\/p>\n<p>Como estava a dizer, continua a ser muito frequente recebermos na Cl\u00ednica crian\u00e7as bastante novas e com diversos dentes cariados\u2026<\/p>\n<p>Hoje em dia, n\u00e3o podemos dizer que \u00e9 por falta de informa\u00e7\u00e3o\u2026 No tempo dos nossos pais ou av\u00f3s sim, mas hoje n\u00e3o\u2026<\/p>\n<p>Tamb\u00e9m n\u00e3o \u00e9 por falta de Dentistas, que os h\u00e1 aos milhares\u2026 at\u00e9 demais, pois os mais jovens nem t\u00eam trabalho para ir ganhando experi\u00eancia\u2026<\/p>\n<p>Ent\u00e3o porque motivo tantos mi\u00fados continuam a sofrer desta doen\u00e7a?\u2026<\/p>\n<p>Eu tenho tr\u00eas filhos, 12, 8 e 3 anos. Tenho muito orgulho em que nenhum deles tenha tido at\u00e9 ao momento nenhuma c\u00e1rie! \ud83d\udcaa<\/p>\n<p>Mas eles est\u00e3o sujeitos \u00e0 maior parte dos \u201cest\u00edmulos\u201d que as restantes crian\u00e7as\u2026 Sim, porque a c\u00e1rie dent\u00e1ria \u00e9 uma doen\u00e7a que depende dos factores ambientais! E n\u00e3o, n\u00e3o estou a falar do clima\u2026 \ud83d\ude03<\/p>\n<p>Os \u201cest\u00edmulos ambientais\u201d s\u00e3o a alimenta\u00e7\u00e3o de hoje em dia, os a\u00e7\u00facares presentes em quase tudo, as guloseimas, refrigerantes, gelados (os meus filhos nas f\u00e9rias comem praticamente um gelado por dia\u2026), alimentos processados, etc\u2026 Bem como a escovagem dos dentes, ou melhor dizendo, a falta dela\u2026<\/p>\n<p>Aqueles nossos amigos garantiram a p\u00e9s juntos que o seu filho de 4 anos lavava os dentes v\u00e1rias vezes ao dia!<\/p>\n<p>Se \u00e9 assim, como \u00e9 que o mi\u00fado tem a boca cheia de c\u00e1ries?\u2026<\/p>\n<p>Para mim, a resposta \u00e9 clara\u2026 fazer algo n\u00e3o quer dizer necessariamente que o fa\u00e7amos bem!<\/p>\n<p>Eu vejo isto diariamente. Pessoas insuspeitas que me garantem que est\u00e3o a higienizar 2 ou 3 vezes ao dia os implantes.<\/p>\n<p>Eu acredito no que me est\u00e3o a dizer\u2026 Mas vejo que os dentes n\u00e3o est\u00e3o bem limpos\u2026<\/p>\n<p>Ou seja, as pessoas limpam, mas por vezes, apesar de toda a sua vontade, n\u00e3o conseguem ser suficientemente eficazes.<\/p>\n<p>E estamos a falar de adultos\u2026 agora imagine uma crian\u00e7a de 4 anos\u2026 que ainda n\u00e3o tem destreza manual para escrever\u2026 como vai conseguir lavar os dentes sozinha de forma eficaz?<\/p>\n<p>Quando estamos com os nossos filhos ou netos conseguimos controlar o que eles comem.<\/p>\n<p>Muitas vezes somos n\u00f3s pr\u00f3prios que os deixamos \u201cpecar\u201d e comer uns doces\u2026 Faz parte\u2026 N\u00f3s adultos tamb\u00e9m \u201cpecamos\u201d muito, n\u00e3o \u00e9?\u2026<\/p>\n<p>Eu n\u00e3o me preocupo muito com isso\u2026<\/p>\n<p>Preocupo-me sim com a escovagem dos seus dentes!<br \/>\nPrincipalmente \u00e0 noite, quando a produ\u00e7\u00e3o de saliva diminui e os dentes est\u00e3o mais desprotegidos\u2026<\/p>\n<p>Assim, eu garanto que os meus filhos se deitam com os dentes bem limpos!<\/p>\n<p>Como? Lavando-lhes eu os dentes!!! Principalmente aos mais novos\u2026<\/p>\n<p>\u00c9 isso que aconselho as todas as pessoas.<\/p>\n<p>As crian\u00e7as n\u00e3o sabem e n\u00e3o conseguem escovar os dentes de forma eficaz\u2026 \u00c9 um facto\u2026<\/p>\n<p>N\u00e3o confie nelas essa responsabilidade\u2026 Assuma-a para si e vai ver que os seus filhos come\u00e7am a ter uma melhor sa\u00fade oral\u2026<\/p>\n<p>Consequentemente\u2026 menos c\u00e1ries\u2026 menos dores e sofrimento\u2026 e menos idas ao dentista\u2026<\/p>\n<p>J\u00e1 pensou no dinheiro que vai poupar?!?<\/p>\n<p>(se calhar n\u00e3o devia ter escrito este texto\u2026 vai prejudicar o neg\u00f3cio\u2026 \ud83d\ude02\ud83d\ude02\ud83d\ude02)<\/p>","protected":false},"excerpt":{"rendered":"<p>Estive uns dias de f\u00e9rias com a fam\u00edlia no Algarve. Num desses dias cruz\u00e1mo-nos com um casal conhecido, v\u00e1 l\u00e1 saber-se porqu\u00ea (\ud83e\udd14?!?!), a conversa foi parar aos dentes do seu filho de 4 anos\u2026 O mi\u00fado ainda s\u00f3 tem dentes de leite e j\u00e1 tem v\u00e1rias c\u00e1ries! \ud83d\ude35 Eu fico pasmado como \u00e9 que [&hellip;]<\/p>\n","protected":false},"author":2,"featured_media":2677,"comment_status":"closed","ping_status":"closed","sticky":false,"template":"","format":"standard","meta":{"footnotes":""},"categories":[99],"tags":[81],"class_list":["post-2676","post","type-post","status-publish","format-standard","has-post-thumbnail","hentry","category-odontopediatria-kids-care","tag-cariedentaria"],"_links":{"self":[{"href":"https:\/\/drpedrocoelho.ewards.makesyoursite.com\/en\/wp-json\/wp\/v2\/posts\/2676","targetHints":{"allow":["GET"]}}],"collection":[{"href":"https:\/\/drpedrocoelho.ewards.makesyoursite.com\/en\/wp-json\/wp\/v2\/posts"}],"about":[{"href":"https:\/\/drpedrocoelho.ewards.makesyoursite.com\/en\/wp-json\/wp\/v2\/types\/post"}],"author":[{"embeddable":true,"href":"https:\/\/drpedrocoelho.ewards.makesyoursite.com\/en\/wp-json\/wp\/v2\/users\/2"}],"replies":[{"embeddable":true,"href":"https:\/\/drpedrocoelho.ewards.makesyoursite.com\/en\/wp-json\/wp\/v2\/comments?post=2676"}],"version-history":[{"count":1,"href":"https:\/\/drpedrocoelho.ewards.makesyoursite.com\/en\/wp-json\/wp\/v2\/posts\/2676\/revisions"}],"predecessor-version":[{"id":4897,"href":"https:\/\/drpedrocoelho.ewards.makesyoursite.com\/en\/wp-json\/wp\/v2\/posts\/2676\/revisions\/4897"}],"wp:featuredmedia":[{"embeddable":true,"href":"https:\/\/drpedrocoelho.ewards.makesyoursite.com\/en\/wp-json\/wp\/v2\/media\/2677"}],"wp:attachment":[{"href":"https:\/\/drpedrocoelho.ewards.makesyoursite.com\/en\/wp-json\/wp\/v2\/media?parent=2676"}],"wp:term":[{"taxonomy":"category","embeddable":true,"href":"https:\/\/drpedrocoelho.ewards.makesyoursite.com\/en\/wp-json\/wp\/v2\/categories?post=2676"},{"taxonomy":"post_tag","embeddable":true,"href":"https:\/\/drpedrocoelho.ewards.makesyoursite.com\/en\/wp-json\/wp\/v2\/tags?post=2676"}],"curies":[{"name":"wp","href":"https:\/\/api.w.org\/{rel}","templated":true}]}}