{"id":2235,"date":"2021-01-22T12:59:30","date_gmt":"2021-01-22T12:59:30","guid":{"rendered":"https:\/\/www.drpedrocoelho.com\/?p=2235"},"modified":"2026-03-22T14:10:01","modified_gmt":"2026-03-22T14:10:01","slug":"e-prejudicial-para-os-seus-dentes-mascar-pastilha-elastica","status":"publish","type":"post","link":"https:\/\/drpedrocoelho.ewards.makesyoursite.com\/en\/e-prejudicial-para-os-seus-dentes-mascar-pastilha-elastica\/","title":{"rendered":"\u00c9 prejudicial para os seus dentes mascar pastilha el\u00e1stica?"},"content":{"rendered":"<p class=\"p1\">Pode ser. Mas mascar pastilha el\u00e1stica tamb\u00e9m pode ter um efeito positivo. Intrigado(a)?\u2026<\/p>\n<p class=\"p1\">As pastilhas el\u00e1sticas com a\u00e7\u00facar s\u00e3o sem d\u00favida nenhuma um perigo para a denti\u00e7\u00e3o. Esse aporte de a\u00e7\u00facar, principalmente n\u00e3o associado a alimentos, \u00e9 uma fonte preciosa de energia para as bact\u00e9rias existentes na boca que provocam a <a href=\"https:\/\/drpedrocoelho.ewards.makesyoursite.com\/en\/7-principais-problemas-dentarios\/\">c\u00e1rie dent\u00e1ria<\/a>. Com o aux\u00edlio desse \u201ccombust\u00edvel\u201d, essas bact\u00e9rias formam \u00e1cidos que provocam a corros\u00e3o do esmalte dent\u00e1rio, iniciando assim a destrui\u00e7\u00e3o dos dentes.<\/p>\n<p class=\"p1\">Concomitantemente, mascar pastilha el\u00e1stica, com ou sem a\u00e7\u00facar, principalmente por um tempo prolongado, pode ter efeitos nefastos a n\u00edvel de restaura\u00e7\u00f5es existentes na boca, que podem aderir \u00e0 pastilha e soltar-se dos dentes, podem quebrar ou lascar; a consist\u00eancia el\u00e1stica, meio borrach\u00f3ide, da pastilha pode provocar movimentos anormais dos m\u00fasculos da mastiga\u00e7\u00e3o e dos maxilares, podendo originar fracturas dos dentes e at\u00e9 dores ou les\u00f5es nas articula\u00e7\u00f5es temporo-mandibulares e m\u00fasculos da mastiga\u00e7\u00e3o.<\/p>\n<p><img fetchpriority=\"high\" decoding=\"async\" class=\"alignnone wp-image-2241 size-large\" src=\"https:\/\/drpedrocoelho.ewards.makesyoursite.com\/wp-content\/uploads\/2021\/01\/escova-de-pastilhas-1-1024x683.jpg\" alt=\"escova de dentes e pastilha el\u00e1stica\" width=\"640\" height=\"427\" \/><\/p>\n<p class=\"p1\">Por outro lado, as pastilhas el\u00e1sticas sem a\u00e7\u00facar, podem contribuir para um <a href=\"https:\/\/drpedrocoelho.ewards.makesyoursite.com\/en\/3-dicas-praticas-para-eliminar-o-mau-halito\/\">h\u00e1lito mais fresco e agrad\u00e1vel<\/a> e dentes e gengivas mais saud\u00e1veis, principalmente se as mastigarmos ap\u00f3s uma refei\u00e7\u00e3o em que por algum motivo n\u00e3o tivemos possibilidade de realizar a nossa higiene oral.<\/p>\n<p class=\"p1\">O acto de mascar pastilha el\u00e1stica ajuda na limpeza dos dentes e remo\u00e7\u00e3o de restos alimentares que possam ter ficado agarrados aos mesmos, ao mesmo tempo que estimula a produ\u00e7\u00e3o de saliva que tem um efeito protector da nossa sa\u00fade oral. No entanto, \u00e9 importante que n\u00e3o mastiguemos a pastilha el\u00e1stica durante muito tempo, devido ao risco de efeitos nefastos que referi acima, o meu conselho \u00e9 que o fa\u00e7a apenas durante cerca de 5 min ou at\u00e9 um m\u00e1ximo de 10 min, \u00e9 mais do que suficiente para beneficiar dos seus efeitos positivos.<\/p>\n\n<p>&nbsp;<\/p>","protected":false},"excerpt":{"rendered":"<p>Pode ser. Mas mascar pastilha el\u00e1stica tamb\u00e9m pode ter um efeito positivo. Intrigado(a)?\u2026 As pastilhas el\u00e1sticas com a\u00e7\u00facar s\u00e3o sem d\u00favida nenhuma um perigo para a denti\u00e7\u00e3o. Esse aporte de a\u00e7\u00facar, principalmente n\u00e3o associado a alimentos, \u00e9 uma fonte preciosa de energia para as bact\u00e9rias existentes na boca que provocam a c\u00e1rie dent\u00e1ria. Com o [&hellip;]<\/p>\n","protected":false},"author":2,"featured_media":2242,"comment_status":"closed","ping_status":"closed","sticky":false,"template":"","format":"standard","meta":{"footnotes":""},"categories":[98],"tags":[80,81,82],"class_list":["post-2235","post","type-post","status-publish","format-standard","has-post-thumbnail","hentry","category-saude-higiene-oral","tag-acucar","tag-cariedentaria","tag-higieneoral"],"_links":{"self":[{"href":"https:\/\/drpedrocoelho.ewards.makesyoursite.com\/en\/wp-json\/wp\/v2\/posts\/2235","targetHints":{"allow":["GET"]}}],"collection":[{"href":"https:\/\/drpedrocoelho.ewards.makesyoursite.com\/en\/wp-json\/wp\/v2\/posts"}],"about":[{"href":"https:\/\/drpedrocoelho.ewards.makesyoursite.com\/en\/wp-json\/wp\/v2\/types\/post"}],"author":[{"embeddable":true,"href":"https:\/\/drpedrocoelho.ewards.makesyoursite.com\/en\/wp-json\/wp\/v2\/users\/2"}],"replies":[{"embeddable":true,"href":"https:\/\/drpedrocoelho.ewards.makesyoursite.com\/en\/wp-json\/wp\/v2\/comments?post=2235"}],"version-history":[{"count":1,"href":"https:\/\/drpedrocoelho.ewards.makesyoursite.com\/en\/wp-json\/wp\/v2\/posts\/2235\/revisions"}],"predecessor-version":[{"id":4902,"href":"https:\/\/drpedrocoelho.ewards.makesyoursite.com\/en\/wp-json\/wp\/v2\/posts\/2235\/revisions\/4902"}],"wp:featuredmedia":[{"embeddable":true,"href":"https:\/\/drpedrocoelho.ewards.makesyoursite.com\/en\/wp-json\/wp\/v2\/media\/2242"}],"wp:attachment":[{"href":"https:\/\/drpedrocoelho.ewards.makesyoursite.com\/en\/wp-json\/wp\/v2\/media?parent=2235"}],"wp:term":[{"taxonomy":"category","embeddable":true,"href":"https:\/\/drpedrocoelho.ewards.makesyoursite.com\/en\/wp-json\/wp\/v2\/categories?post=2235"},{"taxonomy":"post_tag","embeddable":true,"href":"https:\/\/drpedrocoelho.ewards.makesyoursite.com\/en\/wp-json\/wp\/v2\/tags?post=2235"}],"curies":[{"name":"wp","href":"https:\/\/api.w.org\/{rel}","templated":true}]}}