{"id":2196,"date":"2021-01-14T14:38:21","date_gmt":"2021-01-14T14:38:21","guid":{"rendered":"https:\/\/www.drpedrocoelho.com\/?p=2196"},"modified":"2026-03-22T14:11:36","modified_gmt":"2026-03-22T14:11:36","slug":"gengivite-gravidica-sintomas-e-tratamento","status":"publish","type":"post","link":"https:\/\/drpedrocoelho.ewards.makesyoursite.com\/en\/gengivite-gravidica-sintomas-e-tratamento\/","title":{"rendered":"Gengivite Grav\u00eddica: sintomas e tratamento"},"content":{"rendered":"<p class=\"p1\">Certamente j\u00e1 ouviram falar da gengivite grav\u00eddica, uma situa\u00e7\u00e3o cl\u00ednica, que se caracteriza pela presen\u00e7a de inflama\u00e7\u00e3o gengival acentuada durante o per\u00edodo de gravidez.<\/p>\n<p class=\"p1\">Na verdade, qualquer pessoa est\u00e1 sujeita ao aparecimento deste tipo de inflama\u00e7\u00e3o, contudo, decidi dedicar esta cr\u00f3nica \u00e0s futuras mam\u00e3s pois esta \u00e9 uma situa\u00e7\u00e3o muito comum, que suscita muitas d\u00favidas e at\u00e9 receios.<\/p>\n<p class=\"p1\">A gravidez \u00e9 um per\u00edodo especial, marcante e vivido por cada mulher de forma diferente. S\u00e3o muitas as coisas em que pensar, muitas as altera\u00e7\u00f5es a ocorrerem em simult\u00e2neo e de forma r\u00e1pida e este \u00e9 um problema que quando n\u00e3o causa dor, ataca de forma silenciosa por isso alerto e insisto muito na quest\u00e3o da preven\u00e7\u00e3o! S\u00e3o de extrema import\u00e2ncia as visitas regulares ao m\u00e9dico dentista at\u00e9 mesmo antes de pensar em engravidar.<\/p>\n<p class=\"p1\">As altera\u00e7\u00f5es hormonais que ocorrem durante o tempo de gesta\u00e7\u00e3o predisp\u00f5em a uma fragilidade gengival aumentada, que aliada \u00e0 presen\u00e7a de placa bacteriana, facilmente conduz a uma situa\u00e7\u00e3o de inflama\u00e7\u00e3o gengival. Muitas das minhas pacientes gr\u00e1vidas referem que ao escovarem os dentes, sentem enjoos provocados pela escova dent\u00e1ria ou at\u00e9 mesmo pela pasta dent\u00edfrica, o que faz com que tenham atitudes defensivas na hora de efetuar a sua <a href=\"https:\/\/drpedrocoelho.ewards.makesyoursite.com\/en\/problemas-que-uma-ma-higiene-oral-pode-causar\/\">higiene oral di\u00e1ria<\/a>. Este comportamento conduz rapidamente a h\u00e1bitos de higiene deficit\u00e1rios que aumentam a acumula\u00e7\u00e3o de placa bacteriana e t\u00e1rtaro, contribuindo para o surgimento de gengivite e c\u00e1ries.<\/p>\n<p class=\"p1\">Os sintomas apresentados, na maioria dos casos passam pela vermelhid\u00e3o das gengivas, dor e em grande parte dos casos, sangramento gengival acentuado, principalmente durante a escovagem dent\u00e1ria.<\/p>\n<p class=\"p1\">O agravamento desta situa\u00e7\u00e3o pode ter repercuss\u00f5es negativas no desenvolvimento do feto e at\u00e9 levar a partos prematuros. \u00c9 por isso muito importante o correto diagn\u00f3stico e tratamento e precoce.<\/p>\n<p><img fetchpriority=\"high\" decoding=\"async\" class=\"alignnone wp-image-2202 size-large\" title=\"mulher gr\u00e1vida a sorrir \" src=\"https:\/\/drpedrocoelho.ewards.makesyoursite.com\/wp-content\/uploads\/2021\/01\/tramento-gengivite-gravidica-1024x683.jpg\" alt=\"tratamento gengivite grav\u00eddica \" width=\"640\" height=\"427\" srcset=\"https:\/\/drpedrocoelho.ewards.makesyoursite.com\/wp-content\/uploads\/2021\/01\/tramento-gengivite-gravidica-1024x683.jpg 1024w, https:\/\/drpedrocoelho.ewards.makesyoursite.com\/wp-content\/uploads\/2021\/01\/tramento-gengivite-gravidica-300x200.jpg 300w, https:\/\/drpedrocoelho.ewards.makesyoursite.com\/wp-content\/uploads\/2021\/01\/tramento-gengivite-gravidica-768x512.jpg 768w, https:\/\/drpedrocoelho.ewards.makesyoursite.com\/wp-content\/uploads\/2021\/01\/tramento-gengivite-gravidica-1536x1024.jpg 1536w, https:\/\/drpedrocoelho.ewards.makesyoursite.com\/wp-content\/uploads\/2021\/01\/tramento-gengivite-gravidica.jpg 1600w\" sizes=\"(max-width: 640px) 100vw, 640px\" \/><\/p>\n<p class=\"p1\">O tratamento da gengivite grav\u00eddica passa, no primeiro plano de ac\u00e7\u00e3o, por uma limpeza profunda da cavidade oral que s\u00f3 pode ser <a href=\"https:\/\/drpedrocoelho.ewards.makesyoursite.com\/en\/5-razoes-para-visitar-o-dentista\/\">realizada pelo Dentista ou Higienista Oral<\/a> (sim, pode-se recorrer \u00e0 consulta dent\u00e1ria durante a gravidez sem qualquer problema). A partir da\u00ed os sintomas de inflama\u00e7\u00e3o geralmente melhoram, mas as consultas de controlo devem manter-se.<\/p>\n<p class=\"p1\">Lembre-se que a sa\u00fade do seu beb\u00e9 passa pela manuten\u00e7\u00e3o da sua pr\u00f3pria sa\u00fade!<\/p>","protected":false},"excerpt":{"rendered":"<p>Certamente j\u00e1 ouviram falar da gengivite grav\u00eddica, uma situa\u00e7\u00e3o cl\u00ednica, que se caracteriza pela presen\u00e7a de inflama\u00e7\u00e3o gengival acentuada durante o per\u00edodo de gravidez. Na verdade, qualquer pessoa est\u00e1 sujeita ao aparecimento deste tipo de inflama\u00e7\u00e3o, contudo, decidi dedicar esta cr\u00f3nica \u00e0s futuras mam\u00e3s pois esta \u00e9 uma situa\u00e7\u00e3o muito comum, que suscita muitas d\u00favidas [&hellip;]<\/p>\n","protected":false},"author":2,"featured_media":2300,"comment_status":"closed","ping_status":"closed","sticky":false,"template":"","format":"standard","meta":{"footnotes":""},"categories":[98],"tags":[75,76,77,78,79],"class_list":["post-2196","post","type-post","status-publish","format-standard","has-post-thumbnail","hentry","category-saude-higiene-oral","tag-cavidade-oral","tag-gengivas","tag-gengivite-gravidica","tag-inflamacao-gengival","tag-vermelhidao-das-gengivas"],"_links":{"self":[{"href":"https:\/\/drpedrocoelho.ewards.makesyoursite.com\/en\/wp-json\/wp\/v2\/posts\/2196","targetHints":{"allow":["GET"]}}],"collection":[{"href":"https:\/\/drpedrocoelho.ewards.makesyoursite.com\/en\/wp-json\/wp\/v2\/posts"}],"about":[{"href":"https:\/\/drpedrocoelho.ewards.makesyoursite.com\/en\/wp-json\/wp\/v2\/types\/post"}],"author":[{"embeddable":true,"href":"https:\/\/drpedrocoelho.ewards.makesyoursite.com\/en\/wp-json\/wp\/v2\/users\/2"}],"replies":[{"embeddable":true,"href":"https:\/\/drpedrocoelho.ewards.makesyoursite.com\/en\/wp-json\/wp\/v2\/comments?post=2196"}],"version-history":[{"count":1,"href":"https:\/\/drpedrocoelho.ewards.makesyoursite.com\/en\/wp-json\/wp\/v2\/posts\/2196\/revisions"}],"predecessor-version":[{"id":4903,"href":"https:\/\/drpedrocoelho.ewards.makesyoursite.com\/en\/wp-json\/wp\/v2\/posts\/2196\/revisions\/4903"}],"wp:featuredmedia":[{"embeddable":true,"href":"https:\/\/drpedrocoelho.ewards.makesyoursite.com\/en\/wp-json\/wp\/v2\/media\/2300"}],"wp:attachment":[{"href":"https:\/\/drpedrocoelho.ewards.makesyoursite.com\/en\/wp-json\/wp\/v2\/media?parent=2196"}],"wp:term":[{"taxonomy":"category","embeddable":true,"href":"https:\/\/drpedrocoelho.ewards.makesyoursite.com\/en\/wp-json\/wp\/v2\/categories?post=2196"},{"taxonomy":"post_tag","embeddable":true,"href":"https:\/\/drpedrocoelho.ewards.makesyoursite.com\/en\/wp-json\/wp\/v2\/tags?post=2196"}],"curies":[{"name":"wp","href":"https:\/\/api.w.org\/{rel}","templated":true}]}}