{"id":1789,"date":"2019-11-14T16:24:50","date_gmt":"2019-11-14T16:24:50","guid":{"rendered":"https:\/\/drpedrocoelho.pt\/?p=1789"},"modified":"2026-03-22T14:14:46","modified_gmt":"2026-03-22T14:14:46","slug":"problemas-que-uma-ma-higiene-oral-pode-causar","status":"publish","type":"post","link":"https:\/\/drpedrocoelho.ewards.makesyoursite.com\/en\/problemas-que-uma-ma-higiene-oral-pode-causar\/","title":{"rendered":"Problemas que uma m\u00e1 higiene oral pode causar"},"content":{"rendered":"<p style=\"text-align: justify;\">Desconhecemos que muitas das doen\u00e7as que afetam o nosso organismo t\u00eam que ver com uma m\u00e1 higiene oral, assim como n\u00e3o estamos conscientes que os problemas orais podem conduzir a problemas mais s\u00e9rios no resto do corpo. De outra forma, prestar\u00edamos mais aten\u00e7\u00e3o aos nossos dentes, gengivas, l\u00edngua e paladar.<\/p>\n<p>Quando, por exemplo, se apresenta uma situa\u00e7\u00e3o de infe\u00e7\u00e3o na cavidade oral, a maioria das pessoas pensa em automedicar-se, achando que se trata de uma situa\u00e7\u00e3o simples, que n\u00e3o merece uma visita ao m\u00e9dico dentista, quando na realidade, \u00e9 prefer\u00edvel recorrer ao m\u00e9dico dentista para resolver o problema de raiz, antes que se converta num problema maior, noutra parte do corpo.<\/p>\n<p style=\"text-align: justify;\">As bact\u00e9rias e micro-organismos que provocam doen\u00e7as ao n\u00edvel da cavidade oral, podem entrar na corrente sangu\u00ednea e afetar qualquer \u00f3rg\u00e3o onde se alojem. Essa \u00e9 uma das raz\u00f5es, pelas quais se deve dar a import\u00e2ncia devida \u00e0 Higiene Oral e visitar regularmente o m\u00e9dico dentista ou higienista oral, para realizar uma limpeza dent\u00e1ria mais profunda e detetar outros poss\u00edveis problemas, como \u00e9 o caso das c\u00e1ries, entre outros.<\/p>\n<p>Neste artigo, mencionaremos alguns dos problemas que podem ser provocados por uma Higiene Oral deficit\u00e1ria, com o prop\u00f3sito de informar e criar consci\u00eancia para o cuidado que deve ter com todo o seu corpo, incluindo os seus dentes.<\/p>\n<h2 style=\"text-align: justify;\"><strong>Doen\u00e7a Card\u00edaca<\/strong><\/h2>\n<p style=\"text-align: justify;\">Sim, os problemas da cavidade oral e as doen\u00e7as card\u00edacas est\u00e3o estreitamente ligados.<\/p>\n<p style=\"text-align: justify;\">Estudos revelam, que pessoas com problemas de grau avan\u00e7ado ao n\u00edvel das gengivas s\u00e3o mais propensas a sofrer de doen\u00e7a cardiovascular, em compara\u00e7\u00e3o com outras que t\u00eam gengivas saud\u00e1veis.<br \/>\nQualquer bact\u00e9ria pode ser transportada pela corrente sangu\u00ednea at\u00e9 ao cora\u00e7\u00e3o, desencadeando problemas mais graves.<\/p>\n<p style=\"text-align: justify;\">Evite e previna este tipo de doen\u00e7as cuidando da sa\u00fade das suas gengivas, e tratando situa\u00e7\u00f5es como a gengivite ou a periodontite numa fase inicial.<\/p>\n<h2 style=\"text-align: justify;\"><strong>Cancro Oral<\/strong><\/h2>\n<p style=\"text-align: justify;\">Estudos revelam que o aparecimento de cancro oral pode estar de alguma forma relacionado com uma Higiene Oral deficit\u00e1ria ou inexistente, j\u00e1 que os n\u00edveis de placa bacteriana elevados, aumentam o risco de contrair esta doen\u00e7a, com risco ainda maior para pacientes com comportamentos de risco, como \u00e9 o caso de pacientes fumadores ou consumidores regulares de bebidas alco\u00f3licas.<\/p>\n<p style=\"text-align: justify;\">A placa bacteriana \u00e9 uma esp\u00e9cie de massa que se cria em torno dos dentes, e aumenta o risco de contrair este tipo de doen\u00e7as, sendo composta por organismos vivos que interferem na sa\u00fade das suas gengivas.<\/p>\n<h2 style=\"text-align: justify;\"><strong>Diabetes<\/strong><\/h2>\n<p style=\"text-align: justify;\">A rela\u00e7\u00e3o entre esta doen\u00e7a e a cavidade oral \u00e9 rec\u00edproca. Podemos dizer que a pessoa que n\u00e3o tem uma correta Higiene Oral e que sofre de gengivite ou periodontite, pode desenvolver Diabetes, e quem padece de Diabetes pode ver a sua sa\u00fade oral seriamente afetada.<\/p>\n<p style=\"text-align: justify;\">Para que entenda melhor, saiba que tanto a gengivite como a periodontite, representam focos de inflama\u00e7\u00e3o e infe\u00e7\u00e3o na sua boca. E a pr\u00f3pria Diabetes, ocasiona infe\u00e7\u00f5es ao n\u00edvel da cavidade oral que podem tornar-se bastante graves.<\/p>\n<h2 style=\"text-align: justify;\"><strong>Doen\u00e7as Gengivais e a perda de dentes<\/strong><\/h2>\n<p style=\"text-align: justify;\">O facto de n\u00e3o escovar os dentes e n\u00e3o ter os cuidados devidos com a sua boca, contribui para o aumento da placa bacteriana que se aloja de forma cada vez mais profunda nas gengivas. Esta placa, que tem a tend\u00eancia a tornar-se mais dura, forma o t\u00e1rtaro, que por sua vez provoca doen\u00e7as como o caso da gengivite, e que \u00e9 imposs\u00edvel de ser removido sem uma limpeza profissional, realizada por um m\u00e9dico dentista ou higienista oral.<\/p>\n<p>A periodontite, \u00e9 outra doen\u00e7a que tem o seu inicio, de entre fatores heredit\u00e1rios, numa higiene oral deficit\u00e1ria ou inexistente. \u00c9 uma esp\u00e9cie de evolu\u00e7\u00e3o da gengivite e conduz muitas vezes \u00e0 perda gradual dos dentes, afetando ainda a estrutura do osso e tecidos moles.<\/p>\n<p style=\"text-align: justify;\">Ambas as patologias podem trazer problemas a outros sistemas do nosso organismo, pois representam processos inflamat\u00f3rios.<\/p>\n<h2 style=\"text-align: justify;\"><a href=\"https:\/\/drpedrocoelho.ewards.makesyoursite.com\/en\/3-dicas-praticas-para-eliminar-o-mau-halito\/\"><strong>Mau H\u00e1lito<\/strong><\/a><\/h2>\n<p style=\"text-align: justify;\">Ao n\u00e3o realizar uma correta remo\u00e7\u00e3o dos res\u00edduos alimentares, e devido \u00e0 grande quantidade de germes e bact\u00e9rias presentes nos mesmos, \u00e9 poss\u00edvel que surja um odor de h\u00e1lito desagrad\u00e1vel.<br \/>\nConhecida tamb\u00e9m como halitose, esta doen\u00e7a pode afasta-lo do conv\u00edvio social e ocasionar problemas pessoais e no meio em que se movimenta diariamente.<\/p>\n<h2><img fetchpriority=\"high\" decoding=\"async\" class=\"aligncenter wp-image-1792 size-full\" title=\"uma m\u00e1 higiene oral pode causar problemas\" src=\"https:\/\/drpedrocoelho.ewards.makesyoursite.com\/wp-content\/uploads\/2019\/11\/foto-2-1-1.jpg\" alt=\"uma m\u00e1 higiene oral pode causar problemas\" width=\"1920\" height=\"1440\" \/><strong>C\u00e1rie Dent\u00e1ria<\/strong><\/h2>\n<p style=\"text-align: justify;\">\u00c9 a doen\u00e7a mais comum, causada pela decomposi\u00e7\u00e3o dos alimentos, principalmente a\u00e7ucarados.<br \/>\nUma m\u00e1 higiene oral pode provocar c\u00e1ries que, quando n\u00e3o detetadas precocemente, podem afetar a estrutura nervosa do dente, trazendo graves consequ\u00eancias para a sa\u00fade.<\/p>\n<h2 style=\"text-align: justify;\"><strong>Doen\u00e7a pulmonar<\/strong><\/h2>\n<p style=\"text-align: justify;\">Diversos estudos asseguram que uma Higiene Oral deficiente pode relacionar-se com as doen\u00e7as respirat\u00f3rias. N\u00e3o \u00e9 por acaso que a boca, \u00e9 a porta de entrada para todos os outros \u00f3rg\u00e3os. Doen\u00e7as como bronquite, pneumonia, ou exacerba\u00e7\u00f5es da doen\u00e7a pulmonar obstrutiva cr\u00f3nica podem ter in\u00edcio na cavidade oral, e as doen\u00e7as gengivais podem gerar ou agravar transtornos pr\u00e9-existentes, localizados fora da cavidade oral.<\/p>\n<h2 style=\"text-align: justify;\"><strong>Acidente Vascular Cerebral<\/strong><\/h2>\n<p style=\"text-align: justify;\">V\u00e1rios estudos foram realizados com a finalidade de estruturar uma rela\u00e7\u00e3o entre uma m\u00e1 higiene oral e a doen\u00e7a de acidente vascular cerebral, tamb\u00e9m conhecido como AVC, concluindo que as bact\u00e9rias que proliferam na boca e que afetam as gengivas, podem, ao entrar na corrente sangu\u00ednea, transportar-se at\u00e9 \u00e0s veias e art\u00e9ria da cabe\u00e7a.<br \/>\nPor exemplo, as pessoas que padecem de periodontite, veem aumentado o risco de sofrer deste tipo de patologia.<\/p>\n<p style=\"text-align: justify;\">Assim, quanto mais grave for o grau de periodontite maior \u00e9 o risco de acidente cardiovascular.<\/p>\n<h2 style=\"text-align: justify;\"><strong>Recomenda\u00e7\u00e3o<\/strong><\/h2>\n<p style=\"text-align: justify;\">\u00c9 de extrema import\u00e2ncia prestar aten\u00e7\u00e3o e ter um olhar respons\u00e1vel em torno de tudo o que afeta a cavidade oral, e por isso, \u00e9 fundamental visitar regularmente o m\u00e9dico dentista para garantir a manuten\u00e7\u00e3o da sa\u00fade da sua boca, resolvendo atempadamente qualquer doen\u00e7a que possa surgir nos seus dentes e gengivas, precisamente para evitar doen\u00e7as graves nos restantes \u00f3rg\u00e3os do corpo.<\/p>","protected":false},"excerpt":{"rendered":"<p>Desconhecemos que muitas das doen\u00e7as que afetam o nosso organismo t\u00eam que ver com uma m\u00e1 higiene oral, assim como n\u00e3o estamos conscientes que os problemas orais podem conduzir a problemas mais s\u00e9rios no resto do corpo. De outra forma, prestar\u00edamos mais aten\u00e7\u00e3o aos nossos dentes, gengivas, l\u00edngua e paladar. Quando, por exemplo, se apresenta [&hellip;]<\/p>\n","protected":false},"author":2,"featured_media":2291,"comment_status":"closed","ping_status":"closed","sticky":false,"template":"","format":"standard","meta":{"footnotes":""},"categories":[98],"tags":[63,64,65,66,67],"class_list":["post-1789","post","type-post","status-publish","format-standard","has-post-thumbnail","hentry","category-saude-higiene-oral","tag-cancro-oral","tag-doencas-gengivais","tag-higiene-oral-deficitaria","tag-ma-higiene-oral","tag-perda-de-dentes"],"_links":{"self":[{"href":"https:\/\/drpedrocoelho.ewards.makesyoursite.com\/en\/wp-json\/wp\/v2\/posts\/1789","targetHints":{"allow":["GET"]}}],"collection":[{"href":"https:\/\/drpedrocoelho.ewards.makesyoursite.com\/en\/wp-json\/wp\/v2\/posts"}],"about":[{"href":"https:\/\/drpedrocoelho.ewards.makesyoursite.com\/en\/wp-json\/wp\/v2\/types\/post"}],"author":[{"embeddable":true,"href":"https:\/\/drpedrocoelho.ewards.makesyoursite.com\/en\/wp-json\/wp\/v2\/users\/2"}],"replies":[{"embeddable":true,"href":"https:\/\/drpedrocoelho.ewards.makesyoursite.com\/en\/wp-json\/wp\/v2\/comments?post=1789"}],"version-history":[{"count":1,"href":"https:\/\/drpedrocoelho.ewards.makesyoursite.com\/en\/wp-json\/wp\/v2\/posts\/1789\/revisions"}],"predecessor-version":[{"id":4906,"href":"https:\/\/drpedrocoelho.ewards.makesyoursite.com\/en\/wp-json\/wp\/v2\/posts\/1789\/revisions\/4906"}],"wp:featuredmedia":[{"embeddable":true,"href":"https:\/\/drpedrocoelho.ewards.makesyoursite.com\/en\/wp-json\/wp\/v2\/media\/2291"}],"wp:attachment":[{"href":"https:\/\/drpedrocoelho.ewards.makesyoursite.com\/en\/wp-json\/wp\/v2\/media?parent=1789"}],"wp:term":[{"taxonomy":"category","embeddable":true,"href":"https:\/\/drpedrocoelho.ewards.makesyoursite.com\/en\/wp-json\/wp\/v2\/categories?post=1789"},{"taxonomy":"post_tag","embeddable":true,"href":"https:\/\/drpedrocoelho.ewards.makesyoursite.com\/en\/wp-json\/wp\/v2\/tags?post=1789"}],"curies":[{"name":"wp","href":"https:\/\/api.w.org\/{rel}","templated":true}]}}